{"id":1954,"date":"2025-10-21T21:36:21","date_gmt":"2025-10-22T00:36:21","guid":{"rendered":"https:\/\/fuerteyfeliz.cl\/web\/?p=1954"},"modified":"2025-10-21T23:09:14","modified_gmt":"2025-10-22T02:09:14","slug":"mate-pastor-o-enroque","status":"publish","type":"post","link":"https:\/\/fuerteyfeliz.cl\/web\/2025\/10\/21\/mate-pastor-o-enroque\/","title":{"rendered":"Mate pastor o enroque\u00a0"},"content":{"rendered":"\n<p>A juzgar por la mayor\u00eda de las encuestas y los encuestadores, Kast tiene el mate pastor listo y no hay jugada que Jara pueda hacer. Solamente queda una posibilidad antes de la primera vuelta para que Kast no llegue al poder, (repito, a juzgar por las encuestas y todos sus vericuetos). Por cierto, esta jugada tampoco permite que Jara llegue al poder. La jugada es no obstante dolorosa para la izquierda y la centro izquierda. La jugada es, lo digo derechamente, votar por Matthei en primera vuelta. Es dif\u00edcil, y as\u00ed como a la izquierda le da alergia las polic\u00edas y esos temas, como dijo Toh\u00e1, tambi\u00e9n le dar\u00eda una alergia terrible votar Matthei. Landerretche dijo que no le cre\u00eda a Evelyn y mencion\u00f3 una cita en lat\u00edn que no recuerdo bien; en espa\u00f1ol algo as\u00ed como, no creas en los griegos, aunque te regalen caballos, pues si llega Matthei al poder se va a olvidar de los dem\u00f3cratas, de los amarillos, los ex concertaci\u00f3n y afines. Cosa que yo pongo en duda, porque la centroderecha ha dado suficientes pruebas de ser totalmente tolerante y democr\u00e1tica. Ahora, si ganan la elecci\u00f3n, a qui\u00e9nes pondr\u00edan en el poder de esos partidos, no tengo la menor idea.&nbsp;<\/p>\n\n\n\n<p>Volviendo a la jugada, es completamente entendible que a la izquierda le d\u00e9 retorcijones votar por Matthei, pero a juzgar por la foto de hoy, no tienen otra alternativa para evitar que Kast llegue al poder. \u00bfQu\u00e9 piensa la izquierda y la centro izquierda ante el presente escenario?, no tengo idea, y no quiero inmiscuirme en algo tan personal, el voto secreto sigue siendo en Chile un activo que debemos cuidar y respetar.<\/p>\n\n\n\n<p>El otro escenario que puede imaginar la gente de izquierda, y aqu\u00ed estoy fantaseando: bueno, no tenemos salida, Jara pierde, pero no vamos a votar por alguien de derecha, dejemos que Kast gane, pongamos un poco de \u201cinestabilidad\u201d al sistema y as\u00ed recuperamos el poder para la pr\u00f3xima elecci\u00f3n. Ojal\u00e1 que no piensen as\u00ed, por el bien del pa\u00eds. En todo caso, lo que ser\u00e1, ser\u00e1.&nbsp;<\/p>\n\n\n\n<p class=\"has-text-align-right\">El Critic\u00f3n<\/p>\n\n\n\n<p class=\"has-small-font-size\">Fuente imagen: ex-ante.cl<\/p>\n\n\n\n<!DOCTYPE html>\n<html lang=\"es\">\n<head>\n    <meta charset=\"UTF-8\">\n    <meta name=\"viewport\" content=\"width=device-width, initial-scale=1.0\">\n    <title>Compartir en WhatsApp y Facebook<\/title>\n    <!-- Metaetiquetas Open Graph -->\n    <meta property=\"og:title\" content=\"A\u00e7a\u00ed de Brasil, una historia de amor y compromiso\">\n    <meta property=\"og:description\" content=\"Llegaron desde Brasil para quedarse y volverse parte del patrimonio gastron\u00f3mico de nuestra zona\">\n    <meta property=\"og:image\" content=\"https:\/\/fuerteyfeliz.cl\/web\/wp-content\/uploads\/2024\/09\/AcaideBrasil-e1728643884816.jpg\">\n    <meta property=\"og:url\" content=\"https:\/\/fuerteyfeliz.cl\/web\/2024\/09\/17\/acai-una-historia-de-amor-y-compromiso\/\">\n    <meta property=\"og:type\" content=\"article\">\n    <meta property=\"og:site_name\" content=\"Fuerte y Feliz\">\n    <style>\n        \/* Estilo compartido para ambos botones *\/\n        .share-button {\n            padding: 10px 20px;\n            color: white;\n            border: none;\n            cursor: pointer;\n            font-size: 16px;\n            border-radius: 5px;\n            text-decoration: none;\n            display: inline-block;\n            margin: 5px;\n        }\n\n        \/* Color espec\u00edfico para WhatsApp *\/\n        .whatsapp-button {\n            background-color: #25D366;\n        }\n\n        .whatsapp-button:hover {\n            background-color: #1EBE5A;\n        }\n\n        \/* Color espec\u00edfico para Facebook *\/\n        .facebook-button {\n            background-color: #4267B2;\n        }\n\n        .facebook-button:hover {\n            background-color: #365899;\n        }\n    <\/style>\n<\/head>\n<body>\n\n    <!-- Bot\u00f3n de compartir en WhatsApp -->\n    <a class=\"share-button whatsapp-button\" href=\"#\" target=\"_blank\" rel=\"noopener\">Compartir en WhatsApp<\/a>\n\n    <!-- Bot\u00f3n de compartir en Facebook -->\n    <a class=\"share-button facebook-button\" href=\"#\" id=\"facebookShareButton\">Compartir en Facebook<\/a>\n\n    <script>\n        \/\/ Modificar el enlace de WhatsApp din\u00e1micamente con la URL actual\n        const currentUrl = window.location.href;\n        const whatsappButton = document.querySelector('.whatsapp-button');\n        whatsappButton.href = `https:\/\/wa.me\/?text=Visita%20esta%20p\u00e1gina:%20${encodeURIComponent(currentUrl)}`;\n\n        \/\/ Funci\u00f3n para compartir en Facebook\n        document.getElementById('facebookShareButton').addEventListener('click', function() {\n            const facebookUrl = `https:\/\/www.facebook.com\/sharer\/sharer.php?u=${encodeURIComponent(currentUrl)}`;\n            window.open(facebookUrl, '_blank', 'width=450,height=300');\n        });\n    <\/script>\n\n<\/body>\n<\/html>\n","protected":false},"excerpt":{"rendered":"<p>A juzgar por la mayor\u00eda de las encuestas y los encuestadores, Kast tiene el mate pastor listo y no hay jugada que Jara pueda hacer. Solamente queda una posibilidad antes de la primera vuelta para que Kast no llegue al poder, (repito, a juzgar por las encuestas y todos sus vericuetos). Por cierto, esta jugada&#8230;<\/p>\n","protected":false},"author":1,"featured_media":1955,"comment_status":"closed","ping_status":"open","sticky":false,"template":"","format":"standard","meta":{"footnotes":""},"categories":[30,5],"tags":[],"class_list":["post-1954","post","type-post","status-publish","format-standard","has-post-thumbnail","hentry","category-el-criticon","category-politica-en-la-polis"],"_links":{"self":[{"href":"https:\/\/fuerteyfeliz.cl\/web\/wp-json\/wp\/v2\/posts\/1954","targetHints":{"allow":["GET"]}}],"collection":[{"href":"https:\/\/fuerteyfeliz.cl\/web\/wp-json\/wp\/v2\/posts"}],"about":[{"href":"https:\/\/fuerteyfeliz.cl\/web\/wp-json\/wp\/v2\/types\/post"}],"author":[{"embeddable":true,"href":"https:\/\/fuerteyfeliz.cl\/web\/wp-json\/wp\/v2\/users\/1"}],"replies":[{"embeddable":true,"href":"https:\/\/fuerteyfeliz.cl\/web\/wp-json\/wp\/v2\/comments?post=1954"}],"version-history":[{"count":2,"href":"https:\/\/fuerteyfeliz.cl\/web\/wp-json\/wp\/v2\/posts\/1954\/revisions"}],"predecessor-version":[{"id":1959,"href":"https:\/\/fuerteyfeliz.cl\/web\/wp-json\/wp\/v2\/posts\/1954\/revisions\/1959"}],"wp:featuredmedia":[{"embeddable":true,"href":"https:\/\/fuerteyfeliz.cl\/web\/wp-json\/wp\/v2\/media\/1955"}],"wp:attachment":[{"href":"https:\/\/fuerteyfeliz.cl\/web\/wp-json\/wp\/v2\/media?parent=1954"}],"wp:term":[{"taxonomy":"category","embeddable":true,"href":"https:\/\/fuerteyfeliz.cl\/web\/wp-json\/wp\/v2\/categories?post=1954"},{"taxonomy":"post_tag","embeddable":true,"href":"https:\/\/fuerteyfeliz.cl\/web\/wp-json\/wp\/v2\/tags?post=1954"}],"curies":[{"name":"wp","href":"https:\/\/api.w.org\/{rel}","templated":true}]}}