{"id":1965,"date":"2025-10-25T20:52:45","date_gmt":"2025-10-25T23:52:45","guid":{"rendered":"https:\/\/fuerteyfeliz.cl\/web\/?p=1965"},"modified":"2025-10-25T21:03:23","modified_gmt":"2025-10-26T00:03:23","slug":"wilta-berrios-oyanadel-una-educadora-con-pasion-y-razon","status":"publish","type":"post","link":"https:\/\/fuerteyfeliz.cl\/web\/2025\/10\/25\/wilta-berrios-oyanadel-una-educadora-con-pasion-y-razon\/","title":{"rendered":"Wilta Berr\u00edos Oyanadel, una educadora con pasi\u00f3n y raz\u00f3n"},"content":{"rendered":"\n<p>Conversamos en el d\u00eda del profesor y profesora con Wilta Berr\u00edos Oyanadel, Directora del Liceo Bicentenario Corina Urbina Villanueva de San Felipe. Wilta estudi\u00f3 Pedagog\u00eda General B\u00e1sica con menci\u00f3n en ciencias, m\u00e1s adelante en su carrera profesional hizo un doctorado en educaci\u00f3n con menci\u00f3n en gesti\u00f3n. Desde ni\u00f1a Wilta se sinti\u00f3 atra\u00edda por la educaci\u00f3n. Fue compa\u00f1era de la hija del director de la Escuela Artificio en Cabildo, pasaba la mayor parte del tiempo en la escuela compartiendo con esa familia; el padre era el director de la escuela y la madre una de las profesoras. A los 15 a\u00f1os ya ayudaba a ni\u00f1os y ni\u00f1as de la escuela con algunas asignaturas.<\/p>\n\n\n\n<p>Se gradu\u00f3 en la Universidad de Playa Ancha, sede San Felipe e hizo la pr\u00e1ctica en casi todas las escuelas de la comuna. Nos cuenta que hoy por hoy el tema de la pedagog\u00eda est\u00e1 complejo; muchos estudiantes de pedagog\u00eda desertan, cuesta que los alumnos se interesen por la carrera. Ella cree en una educaci\u00f3n constructivista, donde exista la reflexi\u00f3n y el di\u00e1logo en torno a los conflictos. \u201cLa idea es formar y ense\u00f1ar que en la vida los problemas se solucionan con di\u00e1logo, se nos ha olvidado convivir, pero a convivir se aprende\u201d, nos dice. La educaci\u00f3n hoy pasa por altos y bajos, es un proceso lento, un cambio de paradigma con respecto al sistema inductista del pasado. Es importante direccionar un buen trato, respetar para ser respetado. A ella le gusta esta generaci\u00f3n de alumnas a quienes ense\u00f1a a reflexionar; a tomar sus propias decisiones, a saber decir no en el caso de las drogas. Es un proceso lento, en educaci\u00f3n los resultados se ven luego de diez a\u00f1os, hay que ser pacientes, nos dice. Tambi\u00e9n intenta que la familia se involucre, aunque piensa que en este punto se est\u00e1 un poco al debe.<\/p>\n\n\n\n<p>Luego nos cuenta que la educaci\u00f3n se vive en el aula, en los 29 cursos del establecimiento; cada d\u00eda est\u00e1 en contacto con la encargada de convivencia para ver c\u00f3mo va la din\u00e1mica en las clases. Para las ni\u00f1as m\u00e1s peque\u00f1as tenemos una l\u00e1mina con caritas que reflejan emociones, ellas tocan una de ellas y vemos c\u00f3mo vienen emocionalmente cada d\u00eda. Luego agrega, las \u00e1reas verdes son un plus que tiene el Liceo, a veces las alumnas duermen una peque\u00f1a siesta luego del almuerzo, eso las relaja, tambi\u00e9n tenemos m\u00fasica terapia, y otras actividades que les permiten regular las emociones.&nbsp;<\/p>\n\n\n\n<p>Wilta nos comenta que su liderazgo es horizontal, mi \u00fanica verticalidad es con Dios, afirma. No es practicante, pero respeta todas las religiones y hay cursos donde las ni\u00f1as aprenden de la Biblia. Cree en la filosof\u00eda oriental, en mirarse hacia adentro. Luego dice, tengo un equipo, delego en los colegas. Mi impronta es el tema del liderazgo. Ense\u00f1o el liderazgo en todos, en los profesores, las ni\u00f1as del centro de alumnos, los auxiliares, en fin. T\u00fa lideras, les digo. El l\u00edder debe ser capaz de ponerse en el lugar del otro, debe intentar que el otro saque lo mejor de s\u00ed. En el Liceo tenemos muchas actividades, en ciencias, en deporte, en danza, y para eso necesitamos l\u00edderes. Yo le digo a las alumnas, en el futuro la ciudad va a ser gobernada por \u201cCorinas\u201d, en alusi\u00f3n a la fundadora del Liceo quien ten\u00eda un fuerte compromiso social.&nbsp;<\/p>\n\n\n<div class=\"wp-block-image\">\n<figure class=\"aligncenter size-large\"><img loading=\"lazy\" decoding=\"async\" width=\"1024\" height=\"677\" src=\"https:\/\/fuerteyfeliz.cl\/web\/wp-content\/uploads\/2025\/10\/Wilta-Berrios-2-1-1024x677.jpg\" alt=\"\" class=\"wp-image-1967\" style=\"object-fit:cover\" srcset=\"https:\/\/fuerteyfeliz.cl\/web\/wp-content\/uploads\/2025\/10\/Wilta-Berrios-2-1-1024x677.jpg 1024w, https:\/\/fuerteyfeliz.cl\/web\/wp-content\/uploads\/2025\/10\/Wilta-Berrios-2-1-300x198.jpg 300w, https:\/\/fuerteyfeliz.cl\/web\/wp-content\/uploads\/2025\/10\/Wilta-Berrios-2-1-768x507.jpg 768w, https:\/\/fuerteyfeliz.cl\/web\/wp-content\/uploads\/2025\/10\/Wilta-Berrios-2-1-1536x1015.jpg 1536w, https:\/\/fuerteyfeliz.cl\/web\/wp-content\/uploads\/2025\/10\/Wilta-Berrios-2-1-2048x1353.jpg 2048w\" sizes=\"auto, (max-width: 1024px) 100vw, 1024px\" \/><\/figure>\n<\/div>\n\n\n<p class=\"has-text-align-center has-small-font-size\">Wilta Berr\u00edos, directora del Liceo Corina Urbina. En el retrato, Corina Urbina, fundadora del establecimiento.<\/p>\n\n\n\n<p>Para Wilta es tambi\u00e9n muy importante el compromiso con la cultura local, con lo t\u00edpico de Aconcagua, de hecho, nos cuenta que crearon su propia tablilla, la tablilla Corina, en honor a la fundadora, pues la gastronom\u00eda es una de las especialidades del establecimiento junto con la salud. Siempre estamos en contacto con el departamento de cultura de la Municipalidad.<\/p>\n\n\n\n<p>Podr\u00edamos decir que el pensamiento de Wilta extrae las sentencias de los grandes fil\u00f3sofos griegos cl\u00e1sicos: El con\u00f3cete a ti mismo de S\u00f3crates; el mundo de las ideas de Plat\u00f3n; y la busca de la felicidad de Arist\u00f3teles.<\/p>\n\n\n\n<p>Para finalizar mencionamos que no todo es educaci\u00f3n para Wilta, ella es una sommelier del t\u00e9; es una experta en ver la calidad del t\u00e9; aquello que tiene que ver con las catas, las caracter\u00edsticas, los distintos tipos de t\u00e9s, etc.&nbsp;&nbsp;Est\u00e1 pasi\u00f3n le viene por parte de su abuela paterna. As\u00ed entonces terminamos esta entrevista con una gran educadora, tom\u00e1ndonos un agradable t\u00e9 elegido por ella.&nbsp;<\/p>\n\n\n\n<!DOCTYPE html>\n<html lang=\"es\">\n<head>\n    <meta charset=\"UTF-8\">\n    <meta name=\"viewport\" content=\"width=device-width, initial-scale=1.0\">\n    <title>Compartir en WhatsApp y Facebook<\/title>\n    <!-- Metaetiquetas Open Graph -->\n    <meta property=\"og:title\" content=\"A\u00e7a\u00ed de Brasil, una historia de amor y compromiso\">\n    <meta property=\"og:description\" content=\"Llegaron desde Brasil para quedarse y volverse parte del patrimonio gastron\u00f3mico de nuestra zona\">\n    <meta property=\"og:image\" content=\"https:\/\/fuerteyfeliz.cl\/web\/wp-content\/uploads\/2024\/09\/AcaideBrasil-e1728643884816.jpg\">\n    <meta property=\"og:url\" content=\"https:\/\/fuerteyfeliz.cl\/web\/2024\/09\/17\/acai-una-historia-de-amor-y-compromiso\/\">\n    <meta property=\"og:type\" content=\"article\">\n    <meta property=\"og:site_name\" content=\"Fuerte y Feliz\">\n    <style>\n        \/* Estilo compartido para ambos botones *\/\n        .share-button {\n            padding: 10px 20px;\n            color: white;\n            border: none;\n            cursor: pointer;\n            font-size: 16px;\n            border-radius: 5px;\n            text-decoration: none;\n            display: inline-block;\n            margin: 5px;\n        }\n\n        \/* Color espec\u00edfico para WhatsApp *\/\n        .whatsapp-button {\n            background-color: #25D366;\n        }\n\n        .whatsapp-button:hover {\n            background-color: #1EBE5A;\n        }\n\n        \/* Color espec\u00edfico para Facebook *\/\n        .facebook-button {\n            background-color: #4267B2;\n        }\n\n        .facebook-button:hover {\n            background-color: #365899;\n        }\n    <\/style>\n<\/head>\n<body>\n\n    <!-- Bot\u00f3n de compartir en WhatsApp -->\n    <a class=\"share-button whatsapp-button\" href=\"#\" target=\"_blank\" rel=\"noopener\">Compartir en WhatsApp<\/a>\n\n    <!-- Bot\u00f3n de compartir en Facebook -->\n    <a class=\"share-button facebook-button\" href=\"#\" id=\"facebookShareButton\">Compartir en Facebook<\/a>\n\n    <script>\n        \/\/ Modificar el enlace de WhatsApp din\u00e1micamente con la URL actual\n        const currentUrl = window.location.href;\n        const whatsappButton = document.querySelector('.whatsapp-button');\n        whatsappButton.href = `https:\/\/wa.me\/?text=Visita%20esta%20p\u00e1gina:%20${encodeURIComponent(currentUrl)}`;\n\n        \/\/ Funci\u00f3n para compartir en Facebook\n        document.getElementById('facebookShareButton').addEventListener('click', function() {\n            const facebookUrl = `https:\/\/www.facebook.com\/sharer\/sharer.php?u=${encodeURIComponent(currentUrl)}`;\n            window.open(facebookUrl, '_blank', 'width=450,height=300');\n        });\n    <\/script>\n\n<\/body>\n<\/html>\n","protected":false},"excerpt":{"rendered":"<p>Conversamos en el d\u00eda del profesor y profesora con Wilta Berr\u00edos Oyanadel, Directora del Liceo Bicentenario Corina Urbina Villanueva de San Felipe. Wilta estudi\u00f3 Pedagog\u00eda General B\u00e1sica con menci\u00f3n en ciencias, m\u00e1s adelante en su carrera profesional hizo un doctorado en educaci\u00f3n con menci\u00f3n en gesti\u00f3n. Desde ni\u00f1a Wilta se sinti\u00f3 atra\u00edda por la educaci\u00f3n&#8230;.<\/p>\n","protected":false},"author":1,"featured_media":1968,"comment_status":"closed","ping_status":"open","sticky":false,"template":"","format":"standard","meta":{"footnotes":""},"categories":[4],"tags":[],"class_list":["post-1965","post","type-post","status-publish","format-standard","has-post-thumbnail","hentry","category-patrimonio-personajes"],"_links":{"self":[{"href":"https:\/\/fuerteyfeliz.cl\/web\/wp-json\/wp\/v2\/posts\/1965","targetHints":{"allow":["GET"]}}],"collection":[{"href":"https:\/\/fuerteyfeliz.cl\/web\/wp-json\/wp\/v2\/posts"}],"about":[{"href":"https:\/\/fuerteyfeliz.cl\/web\/wp-json\/wp\/v2\/types\/post"}],"author":[{"embeddable":true,"href":"https:\/\/fuerteyfeliz.cl\/web\/wp-json\/wp\/v2\/users\/1"}],"replies":[{"embeddable":true,"href":"https:\/\/fuerteyfeliz.cl\/web\/wp-json\/wp\/v2\/comments?post=1965"}],"version-history":[{"count":7,"href":"https:\/\/fuerteyfeliz.cl\/web\/wp-json\/wp\/v2\/posts\/1965\/revisions"}],"predecessor-version":[{"id":1976,"href":"https:\/\/fuerteyfeliz.cl\/web\/wp-json\/wp\/v2\/posts\/1965\/revisions\/1976"}],"wp:featuredmedia":[{"embeddable":true,"href":"https:\/\/fuerteyfeliz.cl\/web\/wp-json\/wp\/v2\/media\/1968"}],"wp:attachment":[{"href":"https:\/\/fuerteyfeliz.cl\/web\/wp-json\/wp\/v2\/media?parent=1965"}],"wp:term":[{"taxonomy":"category","embeddable":true,"href":"https:\/\/fuerteyfeliz.cl\/web\/wp-json\/wp\/v2\/categories?post=1965"},{"taxonomy":"post_tag","embeddable":true,"href":"https:\/\/fuerteyfeliz.cl\/web\/wp-json\/wp\/v2\/tags?post=1965"}],"curies":[{"name":"wp","href":"https:\/\/api.w.org\/{rel}","templated":true}]}}