{"id":1979,"date":"2025-10-26T12:33:52","date_gmt":"2025-10-26T15:33:52","guid":{"rendered":"https:\/\/fuerteyfeliz.cl\/web\/?p=1979"},"modified":"2025-10-26T12:56:22","modified_gmt":"2025-10-26T15:56:22","slug":"todas-las-voces-todas-toda-la-sangre-toda","status":"publish","type":"post","link":"https:\/\/fuerteyfeliz.cl\/web\/2025\/10\/26\/todas-las-voces-todas-toda-la-sangre-toda\/","title":{"rendered":"Todas las voces todas, toda la sangre toda&#8230;"},"content":{"rendered":"\n<p>Los cerros&nbsp;tutelares del valle se hicieron presente en el trascendental partido del Un\u00ed Un\u00ed, frente al Chago, y parec\u00edan serios, preocupados al igual que las m\u00e1s de dos mil personas presentes en el Javier Mu\u00f1oz Delgado.&nbsp;<\/p>\n\n\n\n<p>Y se justificaba el nerviosismo. Era un duelo como los de antes de vida o muerte. As\u00ed lo entendi\u00f3 el once sanfelipe\u00f1o que sali\u00f3 a buscar el partido desde el primer minuto. Antes de los 15 minutos se registraban llegadas prometedoras del gol, pero al igual que en partidos anteriores se fallaba en la puntada final, y ; cuando se apuntaba al arco surgi\u00f3 la figura del arquero bohemio ahogando el grito de gol, mientras la hinchada&nbsp;segu\u00eda alentando con gritos y c\u00e1nticos, \u00abcantamos porque el grito no es bastante\u00bb ( M. Bendetti).&nbsp;<\/p>\n\n\n\n<p>Intensidad es la palabra que resume la primera etapa, con los locales buscando, especialmente por las bandas, donde destacaba la figura de Vergara, que gan\u00f3 permanentemente sus duelos. El Morning insinu\u00f3 cierto peligro cuando los rojiblanco se enredaron en alg\u00fan rechazo o por alg\u00fan desacierto referil.<\/p>\n\n\n\n<p>En la segunda etapa el cuadro local mostr\u00f3 la misma disposici\u00f3n: atacar en busca de la apertura de la cuenta, para ello se volc\u00f3 sobre el arco norte, y como \u00abel que busca encuentra\u00bb\u00a0\u00a0dice el texto sagrado, la apertura lleg\u00f3 en el minuto 61, un centro de la derecha, como los del recordado Poroto N\u00fa\u00f1ez, encontr\u00f3 la cabeza, esta vez de Cu\u00e9llar y\u00a0\u00a0el grito de desahogo estremeci\u00f3 al Colunqu\u00e9n y La Giganta. Imposible no recordar el gol de Graffigna una tarde de diciembre del a\u00f1o 1971.<\/p>\n\n\n\n<p>Pocos minutos despu\u00e9s: minuto 68, un nuevo centro desde la izquierda, luego de una\u00a0hermosa jugada, fue impactado por el bot\u00edn de Sergio Vergara, y a cobrar. Era el 2 a 0.\u00a0<\/p>\n\n\n\n<p>Uni\u00f3n San Felipe no baj\u00f3 la intensidad del juego y sigui\u00f3 buscando, mientras el reloj corr\u00eda lentamente y la barra segu\u00eda alentando.<\/p>\n\n\n\n<p>Los versos&nbsp;de Benedetti cobraban absoluto sentido: \u00abcantamos porque el sol nos reconoce y porque el campo huele a primavera\u00bb<\/p>\n\n\n\n<p>Esta vez el once unionista puso \u00abtoda la sangre toda\u00bb , mientras \u00abtodas las voces todas\u00bb hac\u00edan escuchar el Un\u00ed Un\u00ed hasta el infinito y m\u00e1s all\u00e1.<\/p>\n\n\n\n<p class=\"has-text-align-right\">Ofiuco<\/p>\n\n\n\n<p>Fuente imagen: primerabchile.cl<\/p>\n\n\n\n<!DOCTYPE html>\n<html lang=\"es\">\n<head>\n    <meta charset=\"UTF-8\">\n    <meta name=\"viewport\" content=\"width=device-width, initial-scale=1.0\">\n    <title>Compartir en WhatsApp y Facebook<\/title>\n    <!-- Metaetiquetas Open Graph -->\n    <meta property=\"og:title\" content=\"A\u00e7a\u00ed de Brasil, una historia de amor y compromiso\">\n    <meta property=\"og:description\" content=\"Llegaron desde Brasil para quedarse y volverse parte del patrimonio gastron\u00f3mico de nuestra zona\">\n    <meta property=\"og:image\" content=\"https:\/\/fuerteyfeliz.cl\/web\/wp-content\/uploads\/2024\/09\/AcaideBrasil-e1728643884816.jpg\">\n    <meta property=\"og:url\" content=\"https:\/\/fuerteyfeliz.cl\/web\/2024\/09\/17\/acai-una-historia-de-amor-y-compromiso\/\">\n    <meta property=\"og:type\" content=\"article\">\n    <meta property=\"og:site_name\" content=\"Fuerte y Feliz\">\n    <style>\n        \/* Estilo compartido para ambos botones *\/\n        .share-button {\n            padding: 10px 20px;\n            color: white;\n            border: none;\n            cursor: pointer;\n            font-size: 16px;\n            border-radius: 5px;\n            text-decoration: none;\n            display: inline-block;\n            margin: 5px;\n        }\n\n        \/* Color espec\u00edfico para WhatsApp *\/\n        .whatsapp-button {\n            background-color: #25D366;\n        }\n\n        .whatsapp-button:hover {\n            background-color: #1EBE5A;\n        }\n\n        \/* Color espec\u00edfico para Facebook *\/\n        .facebook-button {\n            background-color: #4267B2;\n        }\n\n        .facebook-button:hover {\n            background-color: #365899;\n        }\n    <\/style>\n<\/head>\n<body>\n\n    <!-- Bot\u00f3n de compartir en WhatsApp -->\n    <a class=\"share-button whatsapp-button\" href=\"#\" target=\"_blank\" rel=\"noopener\">Compartir en WhatsApp<\/a>\n\n    <!-- Bot\u00f3n de compartir en Facebook -->\n    <a class=\"share-button facebook-button\" href=\"#\" id=\"facebookShareButton\">Compartir en Facebook<\/a>\n\n    <script>\n        \/\/ Modificar el enlace de WhatsApp din\u00e1micamente con la URL actual\n        const currentUrl = window.location.href;\n        const whatsappButton = document.querySelector('.whatsapp-button');\n        whatsappButton.href = `https:\/\/wa.me\/?text=Visita%20esta%20p\u00e1gina:%20${encodeURIComponent(currentUrl)}`;\n\n        \/\/ Funci\u00f3n para compartir en Facebook\n        document.getElementById('facebookShareButton').addEventListener('click', function() {\n            const facebookUrl = `https:\/\/www.facebook.com\/sharer\/sharer.php?u=${encodeURIComponent(currentUrl)}`;\n            window.open(facebookUrl, '_blank', 'width=450,height=300');\n        });\n    <\/script>\n\n<\/body>\n<\/html>\n","protected":false},"excerpt":{"rendered":"<p>Los cerros&nbsp;tutelares del valle se hicieron presente en el trascendental partido del Un\u00ed Un\u00ed, frente al Chago, y parec\u00edan serios, preocupados al igual que las m\u00e1s de dos mil personas presentes en el Javier Mu\u00f1oz Delgado.&nbsp; Y se justificaba el nerviosismo. Era un duelo como los de antes de vida o muerte. As\u00ed lo entendi\u00f3&#8230;<\/p>\n","protected":false},"author":1,"featured_media":1980,"comment_status":"closed","ping_status":"open","sticky":false,"template":"","format":"standard","meta":{"footnotes":""},"categories":[8,33],"tags":[],"class_list":["post-1979","post","type-post","status-publish","format-standard","has-post-thumbnail","hentry","category-ciencia-deportes","category-ofiuco-ciencia-deportes"],"_links":{"self":[{"href":"https:\/\/fuerteyfeliz.cl\/web\/wp-json\/wp\/v2\/posts\/1979","targetHints":{"allow":["GET"]}}],"collection":[{"href":"https:\/\/fuerteyfeliz.cl\/web\/wp-json\/wp\/v2\/posts"}],"about":[{"href":"https:\/\/fuerteyfeliz.cl\/web\/wp-json\/wp\/v2\/types\/post"}],"author":[{"embeddable":true,"href":"https:\/\/fuerteyfeliz.cl\/web\/wp-json\/wp\/v2\/users\/1"}],"replies":[{"embeddable":true,"href":"https:\/\/fuerteyfeliz.cl\/web\/wp-json\/wp\/v2\/comments?post=1979"}],"version-history":[{"count":4,"href":"https:\/\/fuerteyfeliz.cl\/web\/wp-json\/wp\/v2\/posts\/1979\/revisions"}],"predecessor-version":[{"id":1985,"href":"https:\/\/fuerteyfeliz.cl\/web\/wp-json\/wp\/v2\/posts\/1979\/revisions\/1985"}],"wp:featuredmedia":[{"embeddable":true,"href":"https:\/\/fuerteyfeliz.cl\/web\/wp-json\/wp\/v2\/media\/1980"}],"wp:attachment":[{"href":"https:\/\/fuerteyfeliz.cl\/web\/wp-json\/wp\/v2\/media?parent=1979"}],"wp:term":[{"taxonomy":"category","embeddable":true,"href":"https:\/\/fuerteyfeliz.cl\/web\/wp-json\/wp\/v2\/categories?post=1979"},{"taxonomy":"post_tag","embeddable":true,"href":"https:\/\/fuerteyfeliz.cl\/web\/wp-json\/wp\/v2\/tags?post=1979"}],"curies":[{"name":"wp","href":"https:\/\/api.w.org\/{rel}","templated":true}]}}