{"id":1987,"date":"2025-10-26T16:52:01","date_gmt":"2025-10-26T19:52:01","guid":{"rendered":"https:\/\/fuerteyfeliz.cl\/web\/?p=1987"},"modified":"2025-10-26T17:05:16","modified_gmt":"2025-10-26T20:05:16","slug":"museo-de-la-inmigracion","status":"publish","type":"post","link":"https:\/\/fuerteyfeliz.cl\/web\/2025\/10\/26\/museo-de-la-inmigracion\/","title":{"rendered":"Museo de la Inmigraci\u00f3n"},"content":{"rendered":"\n<p>Una experiencia inolvidable<\/p>\n\n\n\n<p>Ubicado en el Cerro Alegre, en las edificaciones del antiguo colegio alem\u00e1n de Valpara\u00edso, este museo es un deleite para los sentidos. Reacondicionado para museo, el emprendimiento fue realizado por la familia Dib para honrar a los inmigrantes de distintas nacionalidades que se avecindaron en el puerto a partir del siglo dieciocho y diecinueve: a los espa\u00f1oles, alemanes, italianos, ingleses, franceses, \u00e1rabes, y en menor medida, a los griegos, suizos, polacos, croatas, portugueses y otros.<\/p>\n\n\n\n<p>La experiencia inmersiva, donde se recrean escenarios de la \u00e9poca, aunando im\u00e1genes, aromas, y sonidos, inserta al p\u00fablico de forma cronol\u00f3gica, en la vida de los inmigrantes que se asentaron en Valpara\u00edso.<\/p>\n\n\n<div class=\"wp-block-image\">\n<figure class=\"aligncenter size-large\"><a href=\"https:\/\/youtu.be\/PCijy8ywwho?si=MuAW64XZy2NhqrAs\" target=\"_blank\" rel=\" noreferrer noopener\"><img loading=\"lazy\" decoding=\"async\" width=\"1024\" height=\"576\" src=\"https:\/\/fuerteyfeliz.cl\/web\/wp-content\/uploads\/2025\/10\/Museo-de-la-Inmigracion-1024x576.jpg\" alt=\"\" class=\"wp-image-1989\" srcset=\"https:\/\/fuerteyfeliz.cl\/web\/wp-content\/uploads\/2025\/10\/Museo-de-la-Inmigracion-1024x576.jpg 1024w, https:\/\/fuerteyfeliz.cl\/web\/wp-content\/uploads\/2025\/10\/Museo-de-la-Inmigracion-300x169.jpg 300w, https:\/\/fuerteyfeliz.cl\/web\/wp-content\/uploads\/2025\/10\/Museo-de-la-Inmigracion-768x432.jpg 768w, https:\/\/fuerteyfeliz.cl\/web\/wp-content\/uploads\/2025\/10\/Museo-de-la-Inmigracion-1536x864.jpg 1536w, https:\/\/fuerteyfeliz.cl\/web\/wp-content\/uploads\/2025\/10\/Museo-de-la-Inmigracion-2048x1152.jpg 2048w\" sizes=\"auto, (max-width: 1024px) 100vw, 1024px\" \/><\/a><\/figure>\n<\/div>\n\n\n<p>Finalizado el recorrido uno debe destacar el enorme esfuerzo que se puso para dar vida a este museo, la recopilaci\u00f3n de los objetos, los detalles en su curadur\u00eda, el uso de t\u00e9cnicas audiovisuales modernas, los aromas, en fin. Una aventura extraordinaria.<\/p>\n\n\n<div class=\"wp-block-image\">\n<figure class=\"aligncenter size-large\"><img loading=\"lazy\" decoding=\"async\" width=\"1024\" height=\"576\" src=\"https:\/\/fuerteyfeliz.cl\/web\/wp-content\/uploads\/2025\/10\/Museo-inmigracion-1024x576.jpeg\" alt=\"\" class=\"wp-image-1990\" srcset=\"https:\/\/fuerteyfeliz.cl\/web\/wp-content\/uploads\/2025\/10\/Museo-inmigracion-1024x576.jpeg 1024w, https:\/\/fuerteyfeliz.cl\/web\/wp-content\/uploads\/2025\/10\/Museo-inmigracion-300x169.jpeg 300w, https:\/\/fuerteyfeliz.cl\/web\/wp-content\/uploads\/2025\/10\/Museo-inmigracion-768x432.jpeg 768w, https:\/\/fuerteyfeliz.cl\/web\/wp-content\/uploads\/2025\/10\/Museo-inmigracion-1536x864.jpeg 1536w, https:\/\/fuerteyfeliz.cl\/web\/wp-content\/uploads\/2025\/10\/Museo-inmigracion.jpeg 1600w\" sizes=\"auto, (max-width: 1024px) 100vw, 1024px\" \/><\/figure>\n<\/div>\n\n\n<p>Adem\u00e1s, el museo est\u00e1 enclavado en el pintoresco Cerro Alegre con fabulosas vistas en 360 grados, donde uno en pocos minutos disfruta de un collage de postales arquitect\u00f3nicas hermosas surgidas de ese crisol de etnias que le dieron la impronta al puerto.<\/p>\n\n\n<div class=\"wp-block-image\">\n<figure class=\"aligncenter size-large\"><img loading=\"lazy\" decoding=\"async\" width=\"1024\" height=\"576\" src=\"https:\/\/fuerteyfeliz.cl\/web\/wp-content\/uploads\/2025\/10\/Museo-inmigracion-2-1024x576.jpeg\" alt=\"\" class=\"wp-image-1991\" srcset=\"https:\/\/fuerteyfeliz.cl\/web\/wp-content\/uploads\/2025\/10\/Museo-inmigracion-2-1024x576.jpeg 1024w, https:\/\/fuerteyfeliz.cl\/web\/wp-content\/uploads\/2025\/10\/Museo-inmigracion-2-300x169.jpeg 300w, https:\/\/fuerteyfeliz.cl\/web\/wp-content\/uploads\/2025\/10\/Museo-inmigracion-2-768x432.jpeg 768w, https:\/\/fuerteyfeliz.cl\/web\/wp-content\/uploads\/2025\/10\/Museo-inmigracion-2-1536x864.jpeg 1536w, https:\/\/fuerteyfeliz.cl\/web\/wp-content\/uploads\/2025\/10\/Museo-inmigracion-2.jpeg 1600w\" sizes=\"auto, (max-width: 1024px) 100vw, 1024px\" \/><\/figure>\n<\/div>\n\n\n<p>Al salir del museo, Valpara\u00edso no se ve igual: se aprecian los retazos de historia que los inmigrantes fueron construyendo y dando vida a la ciudad en aquellos a\u00f1os, y a la cultura que se esparci\u00f3 m\u00e1s all\u00e1 de los l\u00edmites de la ciudad puerto.<\/p>\n\n\n\n<p>Por la cercan\u00eda geogr\u00e1fica con Valpara\u00edso, recomendamos a los habitantes del valle de Aconcagua visitar el <a href=\"https:\/\/www.instagram.com\/destinovalpo\/?hl=es\" target=\"_blank\" rel=\"noreferrer noopener\">Museo de la Inmigraci\u00f3n<\/a>.\u00a0<\/p>\n\n\n\n<!DOCTYPE html>\n<html lang=\"es\">\n<head>\n    <meta charset=\"UTF-8\">\n    <meta name=\"viewport\" content=\"width=device-width, initial-scale=1.0\">\n    <title>Compartir en WhatsApp y Facebook<\/title>\n    <!-- Metaetiquetas Open Graph -->\n    <meta property=\"og:title\" content=\"A\u00e7a\u00ed de Brasil, una historia de amor y compromiso\">\n    <meta property=\"og:description\" content=\"Llegaron desde Brasil para quedarse y volverse parte del patrimonio gastron\u00f3mico de nuestra zona\">\n    <meta property=\"og:image\" content=\"https:\/\/fuerteyfeliz.cl\/web\/wp-content\/uploads\/2024\/09\/AcaideBrasil-e1728643884816.jpg\">\n    <meta property=\"og:url\" content=\"https:\/\/fuerteyfeliz.cl\/web\/2024\/09\/17\/acai-una-historia-de-amor-y-compromiso\/\">\n    <meta property=\"og:type\" content=\"article\">\n    <meta property=\"og:site_name\" content=\"Fuerte y Feliz\">\n    <style>\n        \/* Estilo compartido para ambos botones *\/\n        .share-button {\n            padding: 10px 20px;\n            color: white;\n            border: none;\n            cursor: pointer;\n            font-size: 16px;\n            border-radius: 5px;\n            text-decoration: none;\n            display: inline-block;\n            margin: 5px;\n        }\n\n        \/* Color espec\u00edfico para WhatsApp *\/\n        .whatsapp-button {\n            background-color: #25D366;\n        }\n\n        .whatsapp-button:hover {\n            background-color: #1EBE5A;\n        }\n\n        \/* Color espec\u00edfico para Facebook *\/\n        .facebook-button {\n            background-color: #4267B2;\n        }\n\n        .facebook-button:hover {\n            background-color: #365899;\n        }\n    <\/style>\n<\/head>\n<body>\n\n    <!-- Bot\u00f3n de compartir en WhatsApp -->\n    <a class=\"share-button whatsapp-button\" href=\"#\" target=\"_blank\" rel=\"noopener\">Compartir en WhatsApp<\/a>\n\n    <!-- Bot\u00f3n de compartir en Facebook -->\n    <a class=\"share-button facebook-button\" href=\"#\" id=\"facebookShareButton\">Compartir en Facebook<\/a>\n\n    <script>\n        \/\/ Modificar el enlace de WhatsApp din\u00e1micamente con la URL actual\n        const currentUrl = window.location.href;\n        const whatsappButton = document.querySelector('.whatsapp-button');\n        whatsappButton.href = `https:\/\/wa.me\/?text=Visita%20esta%20p\u00e1gina:%20${encodeURIComponent(currentUrl)}`;\n\n        \/\/ Funci\u00f3n para compartir en Facebook\n        document.getElementById('facebookShareButton').addEventListener('click', function() {\n            const facebookUrl = `https:\/\/www.facebook.com\/sharer\/sharer.php?u=${encodeURIComponent(currentUrl)}`;\n            window.open(facebookUrl, '_blank', 'width=450,height=300');\n        });\n    <\/script>\n\n<\/body>\n<\/html>\n","protected":false},"excerpt":{"rendered":"<p>Una experiencia inolvidable Ubicado en el Cerro Alegre, en las edificaciones del antiguo colegio alem\u00e1n de Valpara\u00edso, este museo es un deleite para los sentidos. Reacondicionado para museo, el emprendimiento fue realizado por la familia Dib para honrar a los inmigrantes de distintas nacionalidades que se avecindaron en el puerto a partir del siglo dieciocho&#8230;<\/p>\n","protected":false},"author":1,"featured_media":1988,"comment_status":"closed","ping_status":"open","sticky":false,"template":"","format":"standard","meta":{"footnotes":""},"categories":[4],"tags":[],"class_list":["post-1987","post","type-post","status-publish","format-standard","has-post-thumbnail","hentry","category-patrimonio-personajes"],"_links":{"self":[{"href":"https:\/\/fuerteyfeliz.cl\/web\/wp-json\/wp\/v2\/posts\/1987","targetHints":{"allow":["GET"]}}],"collection":[{"href":"https:\/\/fuerteyfeliz.cl\/web\/wp-json\/wp\/v2\/posts"}],"about":[{"href":"https:\/\/fuerteyfeliz.cl\/web\/wp-json\/wp\/v2\/types\/post"}],"author":[{"embeddable":true,"href":"https:\/\/fuerteyfeliz.cl\/web\/wp-json\/wp\/v2\/users\/1"}],"replies":[{"embeddable":true,"href":"https:\/\/fuerteyfeliz.cl\/web\/wp-json\/wp\/v2\/comments?post=1987"}],"version-history":[{"count":3,"href":"https:\/\/fuerteyfeliz.cl\/web\/wp-json\/wp\/v2\/posts\/1987\/revisions"}],"predecessor-version":[{"id":1995,"href":"https:\/\/fuerteyfeliz.cl\/web\/wp-json\/wp\/v2\/posts\/1987\/revisions\/1995"}],"wp:featuredmedia":[{"embeddable":true,"href":"https:\/\/fuerteyfeliz.cl\/web\/wp-json\/wp\/v2\/media\/1988"}],"wp:attachment":[{"href":"https:\/\/fuerteyfeliz.cl\/web\/wp-json\/wp\/v2\/media?parent=1987"}],"wp:term":[{"taxonomy":"category","embeddable":true,"href":"https:\/\/fuerteyfeliz.cl\/web\/wp-json\/wp\/v2\/categories?post=1987"},{"taxonomy":"post_tag","embeddable":true,"href":"https:\/\/fuerteyfeliz.cl\/web\/wp-json\/wp\/v2\/tags?post=1987"}],"curies":[{"name":"wp","href":"https:\/\/api.w.org\/{rel}","templated":true}]}}