{"id":1997,"date":"2025-10-28T12:22:11","date_gmt":"2025-10-28T15:22:11","guid":{"rendered":"https:\/\/fuerteyfeliz.cl\/web\/?p=1997"},"modified":"2025-10-28T12:42:09","modified_gmt":"2025-10-28T15:42:09","slug":"frank-mccourt-y-su-bestseller-las-cenizas-de-angela","status":"publish","type":"post","link":"https:\/\/fuerteyfeliz.cl\/web\/2025\/10\/28\/frank-mccourt-y-su-bestseller-las-cenizas-de-angela\/","title":{"rendered":"Frank McCourt y su bestseller Las Cenizas de \u00c1ngela"},"content":{"rendered":"\n<p>Voy a citar textualmente el comienzo del libro, pues en esas palabras se condensa la vida de Frank y su familia en la Irlanda antes y durante la segunda guerra mundial.&nbsp;<\/p>\n\n\n\n<p>\u201cMi padre y madre debieron quedarse en Nueva York donde se conocieron y casaron y donde yo nac\u00ed. En cambio, volvieron a Irlanda cuando yo ten\u00eda cuatro a\u00f1os, mi hermano Malachy, tres, los mellizos, Oliver y Eugene, reci\u00e9n poco m\u00e1s de un a\u00f1o, y mi hermana, Margaret, ya muerta.<\/p>\n\n\n\n<p>Cuando miro hacia atr\u00e1s a mi infancia, me pregunto c\u00f3mo de verdad sobreviv\u00ed. Fue, por cierto, una infancia miserable. La infancia feliz escasamente tuvo valor para m\u00ed. Peor que una miserable infancia com\u00fan y corriente, es la miserable infancia irlandesa, y peor a\u00fan es la miserable infancia irlandesa cat\u00f3lica\u201d.<\/p>\n\n\n\n<p>Las Cenizas de \u00c1ngela es un libro escrito con una naturalidad y vitalidad cautivante. Este narrador en primera persona es un adulto que escribe sobre ese personaje infantil, nos encontramos, no obstante, siempre inmersos en la infancia; todo aquel mundo que Frank vivi\u00f3 y padeci\u00f3 se grab\u00f3 tan fuerte en su memoria y lo entreg\u00f3 a nosotros con fuerza tel\u00farica. Entre los constantes padecimientos y adversidades suyas y de su familia, se respira la inocencia y la espontaneidad infantil, el humor infantil, el deseo de seguir viviendo, y a pesar de su corta edad, de hacer algo por su familia, para mejorar la miserable condici\u00f3n que viven d\u00eda a d\u00eda.&nbsp;<\/p>\n\n\n\n<p>Irlanda, por supuesto, es otro de los personajes. La Irlanda pobre, los prejuicios religiosos, la culpa, los protestantes, los ingleses y su dominio de 800 a\u00f1os. La&nbsp;<em>\u201cpint\u201d,<\/em>&nbsp;la cerveza que lleva su olor a las pobres casas. El padre alcoh\u00f3lico y ausente que no puede superar el vicio, y se gasta lo poco que espor\u00e1dicamente gana en las&nbsp;<em>\u201cpints\u201d<\/em>&nbsp;y deja a su familia hambrienta. El tifus, la tuberculosis siempre asechando, llev\u00e1ndose a j\u00f3venes y adultos, zapatos rotos, la humedad y la lluvia, ba\u00f1os compartidos, olores nauseabundos.&nbsp;<\/p>\n\n\n\n<p>Frank se pregunta en el comienzo, c\u00f3mo de verdad sobrevivi\u00f3 a ese mundo. Y la verdad es admirable su resurrecci\u00f3n. Me encanta la foto en la portada del libro. Ah\u00ed est\u00e1 Frank, de unos seis o siete a\u00f1os en Limerick; es una mirada ruda, como alguien que est\u00e1 siempre alerta y listo para actuar en un medio adverso, pero tambi\u00e9n hay en esa mirada una humanidad escondida. Y la foto contrasta con la foto del adulto que aparece en la parte posterior del libro, del hombre que refleja en su semblante cierta sabidur\u00eda, el hombre que pas\u00f3 tantas vallas y lleg\u00f3 a la meta, hay paz y tranquilidad en esa mirada.<\/p>\n\n\n\n<figure class=\"wp-block-image size-large\"><img loading=\"lazy\" decoding=\"async\" width=\"1024\" height=\"810\" src=\"https:\/\/fuerteyfeliz.cl\/web\/wp-content\/uploads\/2025\/10\/Frank_contraportada-1024x810.jpg\" alt=\"\" class=\"wp-image-1998\" srcset=\"https:\/\/fuerteyfeliz.cl\/web\/wp-content\/uploads\/2025\/10\/Frank_contraportada-1024x810.jpg 1024w, https:\/\/fuerteyfeliz.cl\/web\/wp-content\/uploads\/2025\/10\/Frank_contraportada-300x237.jpg 300w, https:\/\/fuerteyfeliz.cl\/web\/wp-content\/uploads\/2025\/10\/Frank_contraportada-768x607.jpg 768w, https:\/\/fuerteyfeliz.cl\/web\/wp-content\/uploads\/2025\/10\/Frank_contraportada-1536x1215.jpg 1536w, https:\/\/fuerteyfeliz.cl\/web\/wp-content\/uploads\/2025\/10\/Frank_contraportada-2048x1619.jpg 2048w\" sizes=\"auto, (max-width: 1024px) 100vw, 1024px\" \/><\/figure>\n\n\n\n<p>Que fue aquello que permiti\u00f3 que Frank sobreviviese a ese mundo adverso. Dos cosas: su tenacidad, y la educaci\u00f3n, una educaci\u00f3n cat\u00f3lica con sus dogmas y sus rituales hoy lejanos, pero educaci\u00f3n, al fin y al cabo. Tambi\u00e9n ayud\u00f3 su inter\u00e9s por las letras, la poes\u00eda, los libros, la biblioteca.<\/p>\n\n\n\n<p>A los 19 a\u00f1os Frank McCourt volvi\u00f3 a Estados Unidos, por muchos a\u00f1os fue profesor de ingl\u00e9s en una escuela segundaria de Stuyvesant Nueva York. Gan\u00f3 con este libro el Pulitzer Prize y se hizo una pel\u00edcula de la novela.&nbsp;&nbsp;&nbsp;<\/p>\n\n\n\n<p class=\"has-text-align-right\">Citadini&nbsp;<\/p>\n\n\n\n<!DOCTYPE html>\n<html lang=\"es\">\n<head>\n    <meta charset=\"UTF-8\">\n    <meta name=\"viewport\" content=\"width=device-width, initial-scale=1.0\">\n    <title>Compartir en WhatsApp y Facebook<\/title>\n    <!-- Metaetiquetas Open Graph -->\n    <meta property=\"og:title\" content=\"A\u00e7a\u00ed de Brasil, una historia de amor y compromiso\">\n    <meta property=\"og:description\" content=\"Llegaron desde Brasil para quedarse y volverse parte del patrimonio gastron\u00f3mico de nuestra zona\">\n    <meta property=\"og:image\" content=\"https:\/\/fuerteyfeliz.cl\/web\/wp-content\/uploads\/2024\/09\/AcaideBrasil-e1728643884816.jpg\">\n    <meta property=\"og:url\" content=\"https:\/\/fuerteyfeliz.cl\/web\/2024\/09\/17\/acai-una-historia-de-amor-y-compromiso\/\">\n    <meta property=\"og:type\" content=\"article\">\n    <meta property=\"og:site_name\" content=\"Fuerte y Feliz\">\n    <style>\n        \/* Estilo compartido para ambos botones *\/\n        .share-button {\n            padding: 10px 20px;\n            color: white;\n            border: none;\n            cursor: pointer;\n            font-size: 16px;\n            border-radius: 5px;\n            text-decoration: none;\n            display: inline-block;\n            margin: 5px;\n        }\n\n        \/* Color espec\u00edfico para WhatsApp *\/\n        .whatsapp-button {\n            background-color: #25D366;\n        }\n\n        .whatsapp-button:hover {\n            background-color: #1EBE5A;\n        }\n\n        \/* Color espec\u00edfico para Facebook *\/\n        .facebook-button {\n            background-color: #4267B2;\n        }\n\n        .facebook-button:hover {\n            background-color: #365899;\n        }\n    <\/style>\n<\/head>\n<body>\n\n    <!-- Bot\u00f3n de compartir en WhatsApp -->\n    <a class=\"share-button whatsapp-button\" href=\"#\" target=\"_blank\" rel=\"noopener\">Compartir en WhatsApp<\/a>\n\n    <!-- Bot\u00f3n de compartir en Facebook -->\n    <a class=\"share-button facebook-button\" href=\"#\" id=\"facebookShareButton\">Compartir en Facebook<\/a>\n\n    <script>\n        \/\/ Modificar el enlace de WhatsApp din\u00e1micamente con la URL actual\n        const currentUrl = window.location.href;\n        const whatsappButton = document.querySelector('.whatsapp-button');\n        whatsappButton.href = `https:\/\/wa.me\/?text=Visita%20esta%20p\u00e1gina:%20${encodeURIComponent(currentUrl)}`;\n\n        \/\/ Funci\u00f3n para compartir en Facebook\n        document.getElementById('facebookShareButton').addEventListener('click', function() {\n            const facebookUrl = `https:\/\/www.facebook.com\/sharer\/sharer.php?u=${encodeURIComponent(currentUrl)}`;\n            window.open(facebookUrl, '_blank', 'width=450,height=300');\n        });\n    <\/script>\n\n<\/body>\n<\/html>\n","protected":false},"excerpt":{"rendered":"<p>Voy a citar textualmente el comienzo del libro, pues en esas palabras se condensa la vida de Frank y su familia en la Irlanda antes y durante la segunda guerra mundial.&nbsp; \u201cMi padre y madre debieron quedarse en Nueva York donde se conocieron y casaron y donde yo nac\u00ed. En cambio, volvieron a Irlanda cuando&#8230;<\/p>\n","protected":false},"author":1,"featured_media":1999,"comment_status":"closed","ping_status":"open","sticky":false,"template":"","format":"standard","meta":{"footnotes":""},"categories":[11,7],"tags":[],"class_list":["post-1997","post","type-post","status-publish","format-standard","has-post-thumbnail","hentry","category-columna-citadini","category-opinion"],"_links":{"self":[{"href":"https:\/\/fuerteyfeliz.cl\/web\/wp-json\/wp\/v2\/posts\/1997","targetHints":{"allow":["GET"]}}],"collection":[{"href":"https:\/\/fuerteyfeliz.cl\/web\/wp-json\/wp\/v2\/posts"}],"about":[{"href":"https:\/\/fuerteyfeliz.cl\/web\/wp-json\/wp\/v2\/types\/post"}],"author":[{"embeddable":true,"href":"https:\/\/fuerteyfeliz.cl\/web\/wp-json\/wp\/v2\/users\/1"}],"replies":[{"embeddable":true,"href":"https:\/\/fuerteyfeliz.cl\/web\/wp-json\/wp\/v2\/comments?post=1997"}],"version-history":[{"count":2,"href":"https:\/\/fuerteyfeliz.cl\/web\/wp-json\/wp\/v2\/posts\/1997\/revisions"}],"predecessor-version":[{"id":2004,"href":"https:\/\/fuerteyfeliz.cl\/web\/wp-json\/wp\/v2\/posts\/1997\/revisions\/2004"}],"wp:featuredmedia":[{"embeddable":true,"href":"https:\/\/fuerteyfeliz.cl\/web\/wp-json\/wp\/v2\/media\/1999"}],"wp:attachment":[{"href":"https:\/\/fuerteyfeliz.cl\/web\/wp-json\/wp\/v2\/media?parent=1997"}],"wp:term":[{"taxonomy":"category","embeddable":true,"href":"https:\/\/fuerteyfeliz.cl\/web\/wp-json\/wp\/v2\/categories?post=1997"},{"taxonomy":"post_tag","embeddable":true,"href":"https:\/\/fuerteyfeliz.cl\/web\/wp-json\/wp\/v2\/tags?post=1997"}],"curies":[{"name":"wp","href":"https:\/\/api.w.org\/{rel}","templated":true}]}}