{"id":2006,"date":"2025-10-31T12:55:09","date_gmt":"2025-10-31T15:55:09","guid":{"rendered":"https:\/\/fuerteyfeliz.cl\/web\/?p=2006"},"modified":"2025-10-31T12:56:21","modified_gmt":"2025-10-31T15:56:21","slug":"regresa-el-poeta","status":"publish","type":"post","link":"https:\/\/fuerteyfeliz.cl\/web\/2025\/10\/31\/regresa-el-poeta\/","title":{"rendered":"Regresa el poeta"},"content":{"rendered":"\n<p>Una ceremonia c\u00e1lida y cercana fue la que se vivi\u00f3 en el lanzamiento del libro\u00a0<em>No hay caso con todo esto<\/em> (<a href=\"https:\/\/www.instagram.com\/editorial_bogavantes\/\" target=\"_blank\" rel=\"noreferrer noopener\">Editorial Bogavantes<\/a>) del poeta Cristian Cruz; y es que el vate, y docente de profesi\u00f3n, propicia la sinergia con el p\u00fablico, hablando tanto de literatura como de vivencias propias con la misma honestidad.<\/p>\n\n\n\n<p>El libro fue presentado por los escritores Marco L\u00f3pez y Julieta Salinas, quienes coincidieron en que la obra de Cruz devela claramente dos \u00e1mbitos del mundo ps\u00edquico del hablante. En la primera parte, que comienza con la interrogante&nbsp;<em>\u201c\u00bfTe queda vida a\u00fan?\u201d<\/em>&nbsp;retrata a un poeta que observa sus vivencias dif\u00edciles con la distancia, y una cierta dosis de humor de quien ya ha traspasado el umbral de la mediana edad; y en la segunda, que se titula&nbsp;<em>Mis asuntos personales han regresado<\/em>, los versos configuran im\u00e1genes que permiten al lector aprehender los retazos de historia que conforman la ni\u00f1ez y la adolescencia de Cruz, donde es posible advertir el hilo conductor hacia el poeta ya adulto.<\/p>\n\n\n\n<p>La presentaci\u00f3n del libro se realiz\u00f3 en el Sal\u00f3n principal de la Sociedad de Artesanos La Uni\u00f3n, de San Felipe el pasado mi\u00e9rcoles 28 de octubre. Tanto la apertura como el cierre se dieron con una pieza musical del cantautor Claudio Berr\u00edos, siendo la canci\u00f3n de cierre <a href=\"https:\/\/open.spotify.com\/intl-es\/track\/4J02Uu0wucXavQ3H2xVwYV?si=O8j7aCIaTrSkCMsqRjOwTw&amp;nd=1&amp;dlsi=4577cbef25e74e6f\" target=\"_blank\" rel=\"noreferrer noopener\">Esta es una bella noche para bailar rock<\/a>, un poema musicalizado de Cristi\u00e1n Cruz.<\/p>\n\n\n<div class=\"wp-block-image\">\n<figure class=\"aligncenter size-large\"><img loading=\"lazy\" decoding=\"async\" width=\"1024\" height=\"576\" src=\"https:\/\/fuerteyfeliz.cl\/web\/wp-content\/uploads\/2025\/10\/lanzamiento-cristian-cruz-1-1024x576.jpeg\" alt=\"\" class=\"wp-image-2008\" srcset=\"https:\/\/fuerteyfeliz.cl\/web\/wp-content\/uploads\/2025\/10\/lanzamiento-cristian-cruz-1-1024x576.jpeg 1024w, https:\/\/fuerteyfeliz.cl\/web\/wp-content\/uploads\/2025\/10\/lanzamiento-cristian-cruz-1-300x169.jpeg 300w, https:\/\/fuerteyfeliz.cl\/web\/wp-content\/uploads\/2025\/10\/lanzamiento-cristian-cruz-1-768x432.jpeg 768w, https:\/\/fuerteyfeliz.cl\/web\/wp-content\/uploads\/2025\/10\/lanzamiento-cristian-cruz-1-1536x864.jpeg 1536w, https:\/\/fuerteyfeliz.cl\/web\/wp-content\/uploads\/2025\/10\/lanzamiento-cristian-cruz-1.jpeg 1600w\" sizes=\"auto, (max-width: 1024px) 100vw, 1024px\" \/><\/figure>\n<\/div>\n\n\n<p>Terminada la ceremonia se dio paso a un momento para compartir en el comedor central donde se reunieron diversas personas del \u00e1mbito art\u00edstico del valle de Aconcagua dentro del p\u00fablico.<\/p>\n\n\n\n<p>Esta presentaci\u00f3n del libro&nbsp;<em>No hay caso con todo esto<\/em>&nbsp;forma parte del tour literario que el autor ha ido desarrollando en diferentes puntos del pa\u00eds: Valpara\u00edso, Cunco y Ancud, donde actualmente reside. Cabe recordar que Cristian Cruz vivi\u00f3 casi tres d\u00e9cadas en San Felipe, donde se desempe\u00f1\u00f3 como docente y director de tres establecimientos educacionales de la provincia.<\/p>\n\n\n\n<p>As\u00ed es como el poeta regresa a presentar su m\u00e1s reciente obra a la ciudad que lo vio nacer en las letras.<\/p>\n\n\n\n<!DOCTYPE html>\n<html lang=\"es\">\n<head>\n    <meta charset=\"UTF-8\">\n    <meta name=\"viewport\" content=\"width=device-width, initial-scale=1.0\">\n    <title>Compartir en WhatsApp y Facebook<\/title>\n    <!-- Metaetiquetas Open Graph -->\n    <meta property=\"og:title\" content=\"A\u00e7a\u00ed de Brasil, una historia de amor y compromiso\">\n    <meta property=\"og:description\" content=\"Llegaron desde Brasil para quedarse y volverse parte del patrimonio gastron\u00f3mico de nuestra zona\">\n    <meta property=\"og:image\" content=\"https:\/\/fuerteyfeliz.cl\/web\/wp-content\/uploads\/2024\/09\/AcaideBrasil-e1728643884816.jpg\">\n    <meta property=\"og:url\" content=\"https:\/\/fuerteyfeliz.cl\/web\/2024\/09\/17\/acai-una-historia-de-amor-y-compromiso\/\">\n    <meta property=\"og:type\" content=\"article\">\n    <meta property=\"og:site_name\" content=\"Fuerte y Feliz\">\n    <style>\n        \/* Estilo compartido para ambos botones *\/\n        .share-button {\n            padding: 10px 20px;\n            color: white;\n            border: none;\n            cursor: pointer;\n            font-size: 16px;\n            border-radius: 5px;\n            text-decoration: none;\n            display: inline-block;\n            margin: 5px;\n        }\n\n        \/* Color espec\u00edfico para WhatsApp *\/\n        .whatsapp-button {\n            background-color: #25D366;\n        }\n\n        .whatsapp-button:hover {\n            background-color: #1EBE5A;\n        }\n\n        \/* Color espec\u00edfico para Facebook *\/\n        .facebook-button {\n            background-color: #4267B2;\n        }\n\n        .facebook-button:hover {\n            background-color: #365899;\n        }\n    <\/style>\n<\/head>\n<body>\n\n    <!-- Bot\u00f3n de compartir en WhatsApp -->\n    <a class=\"share-button whatsapp-button\" href=\"#\" target=\"_blank\" rel=\"noopener\">Compartir en WhatsApp<\/a>\n\n    <!-- Bot\u00f3n de compartir en Facebook -->\n    <a class=\"share-button facebook-button\" href=\"#\" id=\"facebookShareButton\">Compartir en Facebook<\/a>\n\n    <script>\n        \/\/ Modificar el enlace de WhatsApp din\u00e1micamente con la URL actual\n        const currentUrl = window.location.href;\n        const whatsappButton = document.querySelector('.whatsapp-button');\n        whatsappButton.href = `https:\/\/wa.me\/?text=Visita%20esta%20p\u00e1gina:%20${encodeURIComponent(currentUrl)}`;\n\n        \/\/ Funci\u00f3n para compartir en Facebook\n        document.getElementById('facebookShareButton').addEventListener('click', function() {\n            const facebookUrl = `https:\/\/www.facebook.com\/sharer\/sharer.php?u=${encodeURIComponent(currentUrl)}`;\n            window.open(facebookUrl, '_blank', 'width=450,height=300');\n        });\n    <\/script>\n\n<\/body>\n<\/html>\n","protected":false},"excerpt":{"rendered":"<p>Una ceremonia c\u00e1lida y cercana fue la que se vivi\u00f3 en el lanzamiento del libro\u00a0No hay caso con todo esto (Editorial Bogavantes) del poeta Cristian Cruz; y es que el vate, y docente de profesi\u00f3n, propicia la sinergia con el p\u00fablico, hablando tanto de literatura como de vivencias propias con la misma honestidad. El libro&#8230;<\/p>\n","protected":false},"author":1,"featured_media":2007,"comment_status":"closed","ping_status":"open","sticky":false,"template":"","format":"standard","meta":{"footnotes":""},"categories":[6],"tags":[],"class_list":["post-2006","post","type-post","status-publish","format-standard","has-post-thumbnail","hentry","category-letras-arte"],"_links":{"self":[{"href":"https:\/\/fuerteyfeliz.cl\/web\/wp-json\/wp\/v2\/posts\/2006","targetHints":{"allow":["GET"]}}],"collection":[{"href":"https:\/\/fuerteyfeliz.cl\/web\/wp-json\/wp\/v2\/posts"}],"about":[{"href":"https:\/\/fuerteyfeliz.cl\/web\/wp-json\/wp\/v2\/types\/post"}],"author":[{"embeddable":true,"href":"https:\/\/fuerteyfeliz.cl\/web\/wp-json\/wp\/v2\/users\/1"}],"replies":[{"embeddable":true,"href":"https:\/\/fuerteyfeliz.cl\/web\/wp-json\/wp\/v2\/comments?post=2006"}],"version-history":[{"count":2,"href":"https:\/\/fuerteyfeliz.cl\/web\/wp-json\/wp\/v2\/posts\/2006\/revisions"}],"predecessor-version":[{"id":2010,"href":"https:\/\/fuerteyfeliz.cl\/web\/wp-json\/wp\/v2\/posts\/2006\/revisions\/2010"}],"wp:featuredmedia":[{"embeddable":true,"href":"https:\/\/fuerteyfeliz.cl\/web\/wp-json\/wp\/v2\/media\/2007"}],"wp:attachment":[{"href":"https:\/\/fuerteyfeliz.cl\/web\/wp-json\/wp\/v2\/media?parent=2006"}],"wp:term":[{"taxonomy":"category","embeddable":true,"href":"https:\/\/fuerteyfeliz.cl\/web\/wp-json\/wp\/v2\/categories?post=2006"},{"taxonomy":"post_tag","embeddable":true,"href":"https:\/\/fuerteyfeliz.cl\/web\/wp-json\/wp\/v2\/tags?post=2006"}],"curies":[{"name":"wp","href":"https:\/\/api.w.org\/{rel}","templated":true}]}}