{"id":2450,"date":"2026-01-19T12:32:44","date_gmt":"2026-01-19T15:32:44","guid":{"rendered":"https:\/\/fuerteyfeliz.cl\/web\/?p=2450"},"modified":"2026-01-19T12:32:44","modified_gmt":"2026-01-19T15:32:44","slug":"tabilo-decepciona-en-el-abierto-de-australia","status":"publish","type":"post","link":"https:\/\/fuerteyfeliz.cl\/web\/2026\/01\/19\/tabilo-decepciona-en-el-abierto-de-australia\/","title":{"rendered":"Tabilo decepciona en el Abierto de Australia"},"content":{"rendered":"\n<p>Alejandro Tabilo tuvo un bajo rendimiento en su debut en Melbourne. En los dos primeros sets se vio bastante bajo de ritmo, sin energ\u00eda, agotado. Por su parte, el franc\u00e9s Quentin Hayls despleg\u00f3 un tenis impecable, con un buen servicio y una derecha demoledora; quebr\u00f3 en dos oportunidades el servicio de Alejandro para quedarse con el set por 6\/2. En el segundo set nuevamente quebr\u00f3 en dos ocasiones y lleg\u00f3 el otro 6\/2. El tercer set fue distinto, Tabilo mejor\u00f3 considerablemente su rendimiento, sac\u00f3 mejor, se vio mejor f\u00edsicamente y nivel\u00f3 el marcador. Ambos conservaron su servicio hasta llegar al&nbsp;<em>tiebreak<\/em>; sin embargo, Alejandro, nuevamente no pudo con la precisi\u00f3n del franc\u00e9s y perdi\u00f3 la definici\u00f3n 7 a 1.<\/p>\n\n\n\n<p class=\"has-text-align-right\">fyfdeportes<\/p>\n\n\n\n<p class=\"has-small-font-size\">Fuente imagen: espn.cl<\/p>\n\n\n\n<!DOCTYPE html>\n<html lang=\"es\">\n<head>\n    <meta charset=\"UTF-8\">\n    <meta name=\"viewport\" content=\"width=device-width, initial-scale=1.0\">\n    <title>Compartir en WhatsApp y Facebook<\/title>\n    <!-- Metaetiquetas Open Graph -->\n    <meta property=\"og:title\" content=\"A\u00e7a\u00ed de Brasil, una historia de amor y compromiso\">\n    <meta property=\"og:description\" content=\"Llegaron desde Brasil para quedarse y volverse parte del patrimonio gastron\u00f3mico de nuestra zona\">\n    <meta property=\"og:image\" content=\"https:\/\/fuerteyfeliz.cl\/web\/wp-content\/uploads\/2024\/09\/AcaideBrasil-e1728643884816.jpg\">\n    <meta property=\"og:url\" content=\"https:\/\/fuerteyfeliz.cl\/web\/2024\/09\/17\/acai-una-historia-de-amor-y-compromiso\/\">\n    <meta property=\"og:type\" content=\"article\">\n    <meta property=\"og:site_name\" content=\"Fuerte y Feliz\">\n    <style>\n        \/* Estilo compartido para ambos botones *\/\n        .share-button {\n            padding: 10px 20px;\n            color: white;\n            border: none;\n            cursor: pointer;\n            font-size: 16px;\n            border-radius: 5px;\n            text-decoration: none;\n            display: inline-block;\n            margin: 5px;\n        }\n\n        \/* Color espec\u00edfico para WhatsApp *\/\n        .whatsapp-button {\n            background-color: #25D366;\n        }\n\n        .whatsapp-button:hover {\n            background-color: #1EBE5A;\n        }\n\n        \/* Color espec\u00edfico para Facebook *\/\n        .facebook-button {\n            background-color: #4267B2;\n        }\n\n        .facebook-button:hover {\n            background-color: #365899;\n        }\n    <\/style>\n<\/head>\n<body>\n\n    <!-- Bot\u00f3n de compartir en WhatsApp -->\n    <a class=\"share-button whatsapp-button\" href=\"#\" target=\"_blank\" rel=\"noopener\">Compartir en WhatsApp<\/a>\n\n    <!-- Bot\u00f3n de compartir en Facebook -->\n    <a class=\"share-button facebook-button\" href=\"#\" id=\"facebookShareButton\">Compartir en Facebook<\/a>\n\n    <script>\n        \/\/ Modificar el enlace de WhatsApp din\u00e1micamente con la URL actual\n        const currentUrl = window.location.href;\n        const whatsappButton = document.querySelector('.whatsapp-button');\n        whatsappButton.href = `https:\/\/wa.me\/?text=Visita%20esta%20p\u00e1gina:%20${encodeURIComponent(currentUrl)}`;\n\n        \/\/ Funci\u00f3n para compartir en Facebook\n        document.getElementById('facebookShareButton').addEventListener('click', function() {\n            const facebookUrl = `https:\/\/www.facebook.com\/sharer\/sharer.php?u=${encodeURIComponent(currentUrl)}`;\n            window.open(facebookUrl, '_blank', 'width=450,height=300');\n        });\n    <\/script>\n\n<\/body>\n<\/html>\n","protected":false},"excerpt":{"rendered":"<p>Alejandro Tabilo tuvo un bajo rendimiento en su debut en Melbourne. En los dos primeros sets se vio bastante bajo de ritmo, sin energ\u00eda, agotado. Por su parte, el franc\u00e9s Quentin Hayls despleg\u00f3 un tenis impecable, con un buen servicio y una derecha demoledora; quebr\u00f3 en dos oportunidades el servicio de Alejandro para quedarse con&#8230;<\/p>\n","protected":false},"author":1,"featured_media":2451,"comment_status":"closed","ping_status":"open","sticky":false,"template":"","format":"standard","meta":{"footnotes":""},"categories":[8],"tags":[],"class_list":["post-2450","post","type-post","status-publish","format-standard","has-post-thumbnail","hentry","category-ciencia-deportes"],"_links":{"self":[{"href":"https:\/\/fuerteyfeliz.cl\/web\/wp-json\/wp\/v2\/posts\/2450","targetHints":{"allow":["GET"]}}],"collection":[{"href":"https:\/\/fuerteyfeliz.cl\/web\/wp-json\/wp\/v2\/posts"}],"about":[{"href":"https:\/\/fuerteyfeliz.cl\/web\/wp-json\/wp\/v2\/types\/post"}],"author":[{"embeddable":true,"href":"https:\/\/fuerteyfeliz.cl\/web\/wp-json\/wp\/v2\/users\/1"}],"replies":[{"embeddable":true,"href":"https:\/\/fuerteyfeliz.cl\/web\/wp-json\/wp\/v2\/comments?post=2450"}],"version-history":[{"count":1,"href":"https:\/\/fuerteyfeliz.cl\/web\/wp-json\/wp\/v2\/posts\/2450\/revisions"}],"predecessor-version":[{"id":2452,"href":"https:\/\/fuerteyfeliz.cl\/web\/wp-json\/wp\/v2\/posts\/2450\/revisions\/2452"}],"wp:featuredmedia":[{"embeddable":true,"href":"https:\/\/fuerteyfeliz.cl\/web\/wp-json\/wp\/v2\/media\/2451"}],"wp:attachment":[{"href":"https:\/\/fuerteyfeliz.cl\/web\/wp-json\/wp\/v2\/media?parent=2450"}],"wp:term":[{"taxonomy":"category","embeddable":true,"href":"https:\/\/fuerteyfeliz.cl\/web\/wp-json\/wp\/v2\/categories?post=2450"},{"taxonomy":"post_tag","embeddable":true,"href":"https:\/\/fuerteyfeliz.cl\/web\/wp-json\/wp\/v2\/tags?post=2450"}],"curies":[{"name":"wp","href":"https:\/\/api.w.org\/{rel}","templated":true}]}}