{"id":2691,"date":"2026-03-01T17:51:14","date_gmt":"2026-03-01T20:51:14","guid":{"rendered":"https:\/\/fuerteyfeliz.cl\/web\/?p=2691"},"modified":"2026-03-01T17:58:27","modified_gmt":"2026-03-01T20:58:27","slug":"parque-la-ermita-de-san-esteban","status":"publish","type":"post","link":"https:\/\/fuerteyfeliz.cl\/web\/2026\/03\/01\/parque-la-ermita-de-san-esteban\/","title":{"rendered":"Parque La Ermita, de San Esteban"},"content":{"rendered":"\n<p>Emplazado al costado norte de la Plaza de Armas se ubica el Parque La Ermita, un espacio natural que fue pensado para propiciar el amor por la naturaleza y la vida en comunidad: extensas \u00e1reas verdes reforestadas con especies nativas, una estaci\u00f3n de juegos infantiles, zonas de juegos con pelotas, y de descanso, adem\u00e1s de un sendero que conduce a la laguna artificial, donde nadan peces y tortugas, invitan a las familias a compartir y a disfrutar de las diversas actividades que aqu\u00ed se realizan.<\/p>\n\n\n<div class=\"wp-block-image\">\n<figure class=\"aligncenter size-medium is-resized\"><img loading=\"lazy\" decoding=\"async\" width=\"300\" height=\"224\" src=\"https:\/\/fuerteyfeliz.cl\/web\/wp-content\/uploads\/2026\/03\/parque-la-ermita-san-esteban-2-300x224.jpg\" alt=\"\" class=\"wp-image-2695\" style=\"width:550px\" srcset=\"https:\/\/fuerteyfeliz.cl\/web\/wp-content\/uploads\/2026\/03\/parque-la-ermita-san-esteban-2-300x224.jpg 300w, https:\/\/fuerteyfeliz.cl\/web\/wp-content\/uploads\/2026\/03\/parque-la-ermita-san-esteban-2-1024x764.jpg 1024w, https:\/\/fuerteyfeliz.cl\/web\/wp-content\/uploads\/2026\/03\/parque-la-ermita-san-esteban-2-768x573.jpg 768w, https:\/\/fuerteyfeliz.cl\/web\/wp-content\/uploads\/2026\/03\/parque-la-ermita-san-esteban-2-1536x1146.jpg 1536w, https:\/\/fuerteyfeliz.cl\/web\/wp-content\/uploads\/2026\/03\/parque-la-ermita-san-esteban-2.jpg 1881w\" sizes=\"auto, (max-width: 300px) 100vw, 300px\" \/><\/figure>\n<\/div>\n\n\n<p>El Parque La Ermita forma parte del antiguo fundo del mismo nombre, bautizado as\u00ed por una peque\u00f1a capilla que fue un importante centro religioso y social de la zona.<\/p>\n\n\n\n<p>La articulaci\u00f3n del municipio, del sector p\u00fablico y privado, y de los vecinos, dieron una segunda vida a este espacio natural de casi 18.500 m2, que fue inaugurado el 23 de octubre de 2025, como Parque La Ermita.<\/p>\n\n\n\n<p>Para su implementaci\u00f3n se cont\u00f3 con diversos fondos externos, que han permitido erigir cada una de sus instalaciones: gracias al Fondo Regional de Iniciativa Local del Gobierno Regional de Valpara\u00edso, se construyeron ba\u00f1os p\u00fablicos en su interior. Las bombas que alimentan la laguna y el riego tecnificado, que permite ahorrar un 40% de agua, son aportes de&nbsp;la Divisi\u00f3n Andina de Codelco, y la estaci\u00f3n de juegos infantiles fue financiada con recursos provenientes del Royalty minero.&nbsp;<\/p>\n\n\n<div class=\"wp-block-image\">\n<figure class=\"aligncenter size-medium\"><img loading=\"lazy\" decoding=\"async\" width=\"225\" height=\"300\" src=\"https:\/\/fuerteyfeliz.cl\/web\/wp-content\/uploads\/2026\/03\/parque-la-ermita-san-esteban-3-225x300.jpg\" alt=\"\" class=\"wp-image-2694\" srcset=\"https:\/\/fuerteyfeliz.cl\/web\/wp-content\/uploads\/2026\/03\/parque-la-ermita-san-esteban-3-225x300.jpg 225w, https:\/\/fuerteyfeliz.cl\/web\/wp-content\/uploads\/2026\/03\/parque-la-ermita-san-esteban-3-766x1024.jpg 766w, https:\/\/fuerteyfeliz.cl\/web\/wp-content\/uploads\/2026\/03\/parque-la-ermita-san-esteban-3-768x1026.jpg 768w, https:\/\/fuerteyfeliz.cl\/web\/wp-content\/uploads\/2026\/03\/parque-la-ermita-san-esteban-3-1150x1536.jpg 1150w, https:\/\/fuerteyfeliz.cl\/web\/wp-content\/uploads\/2026\/03\/parque-la-ermita-san-esteban-3-1533x2048.jpg 1533w, https:\/\/fuerteyfeliz.cl\/web\/wp-content\/uploads\/2026\/03\/parque-la-ermita-san-esteban-3.jpg 1877w\" sizes=\"auto, (max-width: 225px) 100vw, 225px\" \/><\/figure>\n<\/div>\n\n\n<p>El Parque se encuentra abierto a la comunidad, los s\u00e1bados y domingos, desde las 14:00 hasta las 20:00 horas, para que sus visitantes puedan compartir en familia, descansar y conectarse con la naturaleza, as\u00ed como conocer los productos realizados por emprendedores locales, en el Pueblito artesanal y el Mercado campesino.<\/p>\n\n\n\n<p>A continuaci\u00f3n, te invitamos a sumergirte durante 30 segundos en la calma de su laguna artificial:<\/p>\n\n\n<div class=\"wp-block-image\">\n<figure class=\"aligncenter size-medium is-resized\"><a href=\"https:\/\/youtu.be\/IrbdvIX8jEc\" target=\"_blank\" rel=\" noreferrer noopener\"><img loading=\"lazy\" decoding=\"async\" width=\"300\" height=\"169\" src=\"https:\/\/fuerteyfeliz.cl\/web\/wp-content\/uploads\/2026\/03\/Laguna-Parque-La-Ermita-300x169.jpg\" alt=\"\" class=\"wp-image-2696\" style=\"width:550px\" srcset=\"https:\/\/fuerteyfeliz.cl\/web\/wp-content\/uploads\/2026\/03\/Laguna-Parque-La-Ermita-300x169.jpg 300w, https:\/\/fuerteyfeliz.cl\/web\/wp-content\/uploads\/2026\/03\/Laguna-Parque-La-Ermita-1024x576.jpg 1024w, https:\/\/fuerteyfeliz.cl\/web\/wp-content\/uploads\/2026\/03\/Laguna-Parque-La-Ermita-768x432.jpg 768w, https:\/\/fuerteyfeliz.cl\/web\/wp-content\/uploads\/2026\/03\/Laguna-Parque-La-Ermita-1536x864.jpg 1536w, https:\/\/fuerteyfeliz.cl\/web\/wp-content\/uploads\/2026\/03\/Laguna-Parque-La-Ermita-2048x1152.jpg 2048w\" sizes=\"auto, (max-width: 300px) 100vw, 300px\" \/><\/a><\/figure>\n<\/div>\n\n\n<!DOCTYPE html>\n<html lang=\"es\">\n<head>\n    <meta charset=\"UTF-8\">\n    <meta name=\"viewport\" content=\"width=device-width, initial-scale=1.0\">\n    <title>Compartir en WhatsApp y Facebook<\/title>\n    <!-- Metaetiquetas Open Graph -->\n    <meta property=\"og:title\" content=\"A\u00e7a\u00ed de Brasil, una historia de amor y compromiso\">\n    <meta property=\"og:description\" content=\"Llegaron desde Brasil para quedarse y volverse parte del patrimonio gastron\u00f3mico de nuestra zona\">\n    <meta property=\"og:image\" content=\"https:\/\/fuerteyfeliz.cl\/web\/wp-content\/uploads\/2024\/09\/AcaideBrasil-e1728643884816.jpg\">\n    <meta property=\"og:url\" content=\"https:\/\/fuerteyfeliz.cl\/web\/2024\/09\/17\/acai-una-historia-de-amor-y-compromiso\/\">\n    <meta property=\"og:type\" content=\"article\">\n    <meta property=\"og:site_name\" content=\"Fuerte y Feliz\">\n    <style>\n        \/* Estilo compartido para ambos botones *\/\n        .share-button {\n            padding: 10px 20px;\n            color: white;\n            border: none;\n            cursor: pointer;\n            font-size: 16px;\n            border-radius: 5px;\n            text-decoration: none;\n            display: inline-block;\n            margin: 5px;\n        }\n\n        \/* Color espec\u00edfico para WhatsApp *\/\n        .whatsapp-button {\n            background-color: #25D366;\n        }\n\n        .whatsapp-button:hover {\n            background-color: #1EBE5A;\n        }\n\n        \/* Color espec\u00edfico para Facebook *\/\n        .facebook-button {\n            background-color: #4267B2;\n        }\n\n        .facebook-button:hover {\n            background-color: #365899;\n        }\n    <\/style>\n<\/head>\n<body>\n\n    <!-- Bot\u00f3n de compartir en WhatsApp -->\n    <a class=\"share-button whatsapp-button\" href=\"#\" target=\"_blank\" rel=\"noopener\">Compartir en WhatsApp<\/a>\n\n    <!-- Bot\u00f3n de compartir en Facebook -->\n    <a class=\"share-button facebook-button\" href=\"#\" id=\"facebookShareButton\">Compartir en Facebook<\/a>\n\n    <script>\n        \/\/ Modificar el enlace de WhatsApp din\u00e1micamente con la URL actual\n        const currentUrl = window.location.href;\n        const whatsappButton = document.querySelector('.whatsapp-button');\n        whatsappButton.href = `https:\/\/wa.me\/?text=Visita%20esta%20p\u00e1gina:%20${encodeURIComponent(currentUrl)}`;\n\n        \/\/ Funci\u00f3n para compartir en Facebook\n        document.getElementById('facebookShareButton').addEventListener('click', function() {\n            const facebookUrl = `https:\/\/www.facebook.com\/sharer\/sharer.php?u=${encodeURIComponent(currentUrl)}`;\n            window.open(facebookUrl, '_blank', 'width=450,height=300');\n        });\n    <\/script>\n\n<\/body>\n<\/html>\n","protected":false},"excerpt":{"rendered":"<p>Emplazado al costado norte de la Plaza de Armas se ubica el Parque La Ermita, un espacio natural que fue pensado para propiciar el amor por la naturaleza y la vida en comunidad: extensas \u00e1reas verdes reforestadas con especies nativas, una estaci\u00f3n de juegos infantiles, zonas de juegos con pelotas, y de descanso, adem\u00e1s de&#8230;<\/p>\n","protected":false},"author":1,"featured_media":2693,"comment_status":"closed","ping_status":"open","sticky":false,"template":"","format":"standard","meta":{"footnotes":""},"categories":[4],"tags":[],"class_list":["post-2691","post","type-post","status-publish","format-standard","has-post-thumbnail","hentry","category-patrimonio-personajes"],"_links":{"self":[{"href":"https:\/\/fuerteyfeliz.cl\/web\/wp-json\/wp\/v2\/posts\/2691","targetHints":{"allow":["GET"]}}],"collection":[{"href":"https:\/\/fuerteyfeliz.cl\/web\/wp-json\/wp\/v2\/posts"}],"about":[{"href":"https:\/\/fuerteyfeliz.cl\/web\/wp-json\/wp\/v2\/types\/post"}],"author":[{"embeddable":true,"href":"https:\/\/fuerteyfeliz.cl\/web\/wp-json\/wp\/v2\/users\/1"}],"replies":[{"embeddable":true,"href":"https:\/\/fuerteyfeliz.cl\/web\/wp-json\/wp\/v2\/comments?post=2691"}],"version-history":[{"count":5,"href":"https:\/\/fuerteyfeliz.cl\/web\/wp-json\/wp\/v2\/posts\/2691\/revisions"}],"predecessor-version":[{"id":2701,"href":"https:\/\/fuerteyfeliz.cl\/web\/wp-json\/wp\/v2\/posts\/2691\/revisions\/2701"}],"wp:featuredmedia":[{"embeddable":true,"href":"https:\/\/fuerteyfeliz.cl\/web\/wp-json\/wp\/v2\/media\/2693"}],"wp:attachment":[{"href":"https:\/\/fuerteyfeliz.cl\/web\/wp-json\/wp\/v2\/media?parent=2691"}],"wp:term":[{"taxonomy":"category","embeddable":true,"href":"https:\/\/fuerteyfeliz.cl\/web\/wp-json\/wp\/v2\/categories?post=2691"},{"taxonomy":"post_tag","embeddable":true,"href":"https:\/\/fuerteyfeliz.cl\/web\/wp-json\/wp\/v2\/tags?post=2691"}],"curies":[{"name":"wp","href":"https:\/\/api.w.org\/{rel}","templated":true}]}}