{"id":2714,"date":"2026-03-06T09:02:04","date_gmt":"2026-03-06T12:02:04","guid":{"rendered":"https:\/\/fuerteyfeliz.cl\/web\/?p=2714"},"modified":"2026-03-06T09:03:41","modified_gmt":"2026-03-06T12:03:41","slug":"el-concepto-anacronico-de-aprendizaje-que-sustenta-el-sistema-educativo-y-sus-consecuencias","status":"publish","type":"post","link":"https:\/\/fuerteyfeliz.cl\/web\/2026\/03\/06\/el-concepto-anacronico-de-aprendizaje-que-sustenta-el-sistema-educativo-y-sus-consecuencias\/","title":{"rendered":"El concepto anacr\u00f3nico de aprendizaje que sustenta el sistema educativo y sus consecuencias"},"content":{"rendered":"\n<p>Hola a todos los lectores de Fuerte y Feliz. He aqu\u00ed mi segundo comentario respecto de algunos errores dentro del sistema educativo.<\/p>\n\n\n\n<p>&nbsp;&nbsp;&nbsp;&nbsp;&nbsp;&nbsp;&nbsp;&nbsp;&nbsp;&nbsp;&nbsp;&nbsp;&nbsp;&nbsp;&nbsp;&nbsp;&nbsp;&nbsp;Parto con una pregunta. \u00bfQu\u00e9 significa construir todo un sistema sobre la base de un conocimiento paup\u00e9rrimo, empobrecido de lo que es el aprendizaje?<\/p>\n\n\n\n<p>Occidente sobrevalor\u00f3 la racionalidad como esa \u00fanica porci\u00f3n sobre la cual se pod\u00eda comprender y construir la realidad.<\/p>\n\n\n\n<p>&nbsp;&nbsp;&nbsp;&nbsp;&nbsp;&nbsp;&nbsp;&nbsp;&nbsp;&nbsp;&nbsp;&nbsp;&nbsp;&nbsp;&nbsp;&nbsp;&nbsp;&nbsp;No podemos responsabilizarlos de ignorar todo lo dem\u00e1s, estaban deslumbrados por el gran hallazgo que significaba cultivar el razonamiento. Pero s\u00ed podemos responsabilizar al S.E. (Sistema Educativo) de seguir manteniendo los mismos paradigmas, tres siglos despu\u00e9s.&nbsp;<\/p>\n\n\n\n<p>El tema es profundamente sensible porque la educaci\u00f3n es la base formadora de los seres humanos y, permanentemente, requiere de los ajustes propios de la \u00e9poca, sin tocar los valores esenciales.<\/p>\n\n\n\n<p>&nbsp;&nbsp;&nbsp;&nbsp;&nbsp;&nbsp;&nbsp;&nbsp;&nbsp;&nbsp;&nbsp;&nbsp;&nbsp;&nbsp;&nbsp;&nbsp;&nbsp;&nbsp;<a>Pese a toda la evidencia investigativa, la sobrevaloraci\u00f3n de la&nbsp;<em>raz\u00f3n<\/em>, todav\u00eda est\u00e1 en una relaci\u00f3n inversamente proporcional a las&nbsp;<em>emociones<\/em>. \u00c9stas son un componente humano tan o m\u00e1s valioso que el desarrollo cognitivo, pero salvo algunos elementos aislados no est\u00e1n presentes en el S.E. de manera consistente. De hecho, las grandes decisiones que tomamos en la vida est\u00e1n profundamente intermediadas por ellas.<\/a><\/p>\n\n\n\n<p>&nbsp;&nbsp;&nbsp;&nbsp;&nbsp;&nbsp;&nbsp;&nbsp;&nbsp;&nbsp;&nbsp;&nbsp;&nbsp;&nbsp;&nbsp;&nbsp;Howard Gardner&nbsp;en su&nbsp;<em>Teor\u00eda de las Inteligencias&nbsp;M\u00faltiples<\/em>&nbsp;plante\u00f3 ocho posibles inteligencias de las cuales s\u00f3lo dos eran netamente cognitivas:&nbsp;<em>la inteligencia ling\u00fc\u00edstica y la l\u00f3gico-matem\u00e1tica.<\/em><\/p>\n\n\n\n<p>&nbsp;&nbsp;&nbsp;&nbsp;&nbsp;&nbsp;&nbsp;&nbsp;&nbsp;&nbsp;&nbsp;&nbsp;&nbsp;&nbsp;&nbsp;&nbsp;&nbsp;&nbsp;El resto ten\u00edan que ver con las potencialidades creativas del cerebro y los sentidos:&nbsp;<em>inteligencia musical, espacial, corporal-kinest\u00e9sica, interpersonal, intrapersonal y naturalista-pict\u00f3rica<\/em>.<\/p>\n\n\n\n<p>&nbsp;&nbsp;&nbsp;&nbsp;&nbsp;&nbsp;&nbsp;&nbsp;&nbsp;&nbsp;&nbsp;&nbsp;&nbsp;&nbsp;&nbsp;&nbsp;&nbsp;&nbsp;<a>Es inadmisible que el S.E. todav\u00eda aplique en la gran mayor\u00eda de las escuelas y universidades, un tipo de evaluaciones intermediadas solamente por la inteligencia ling\u00fc\u00edstica y la l\u00f3gico-matem\u00e1tica.<\/a><\/p>\n\n\n\n<p>&nbsp;&nbsp;&nbsp;&nbsp;&nbsp;&nbsp;&nbsp;&nbsp;&nbsp;&nbsp;&nbsp;&nbsp;&nbsp;&nbsp;&nbsp;&nbsp;&nbsp;&nbsp;Esta simplificaci\u00f3n de la manera de comprender propia de los seres humanos ha hecho que millones de estudiantes se sientan fracasados intelectual y socialmente por no poder estar a la altura de estas dos inteligencias.&nbsp;<\/p>\n\n\n\n<p>Las personas son sensibles en todas las etapas de la vida, pero es en la ni\u00f1ez y la adolescencia donde est\u00e1n expuestos a mayor fragilidad. Es all\u00ed donde necesitan sentirse valorados, pero si eso no ocurre, entonces se habr\u00e1 cometido el error de inducir a los ni\u00f1os a sentir que son carentes de inteligencia y por tanto no est\u00e1n en un rango de aceptaci\u00f3n social.<\/p>\n\n\n\n<p>De hecho, los niveles de suicidio adolescente han subido de manera preocupante en el rango de 11 a 19 a\u00f1os. En Chile, entre 2002 y 2024 el \u00edndice se elev\u00f3 en un 122%.<a href=\"applewebdata:\/\/76486FF8-B2FD-41F8-8266-793F3629D4D7#_ftn1\"><sup>[1]<\/sup><\/a><\/p>\n\n\n\n<p>&nbsp;&nbsp;&nbsp;&nbsp;&nbsp;&nbsp;&nbsp;&nbsp;&nbsp;&nbsp;&nbsp;&nbsp;&nbsp;&nbsp;&nbsp;&nbsp;&nbsp;&nbsp;Esta situaci\u00f3n de invisibilidad de los problemas adolescentes ocurre en todos los estratos sociales, y en todas las instituciones educativas. Por lo tanto, esta sensaci\u00f3n de ser insuficiente generada desde la juventud, muchas veces no logra ser resuelta y provoca que muchos adultos se sientan carentes e inseguros en sus v\u00ednculos laborales y, por cierto, emocionales.&nbsp;<\/p>\n\n\n\n<p>&nbsp;&nbsp;&nbsp;&nbsp;&nbsp;&nbsp;&nbsp;&nbsp;&nbsp;&nbsp;&nbsp;&nbsp;&nbsp;&nbsp;&nbsp;&nbsp;&nbsp;&nbsp;El S.E. debe, imperiosamente, reforzar las estrategias de autoestima desde la infancia y modificar aquellas normas o h\u00e1bitos que debilitan el amor a s\u00ed mismos.&nbsp;<\/p>\n\n\n\n<p>&nbsp;&nbsp;&nbsp;&nbsp;&nbsp;&nbsp;&nbsp;&nbsp;&nbsp;&nbsp;&nbsp;&nbsp;&nbsp;&nbsp;&nbsp;&nbsp;&nbsp;&nbsp;Esto requiere abrir varios caminos de aprendizaje y, adem\u00e1s, establecer una reiteraci\u00f3n de los mismos, para lograr su consolidaci\u00f3n. Y, por extensi\u00f3n, generar la sensaci\u00f3n de seguridad de los estudiantes respecto a la asimilaci\u00f3n de lo aprendido.<\/p>\n\n\n\n<hr class=\"wp-block-separator has-alpha-channel-opacity\"\/>\n\n\n\n<p><a href=\"applewebdata:\/\/76486FF8-B2FD-41F8-8266-793F3629D4D7#_ftnref1\"><sup>[1]<\/sup><\/a>&nbsp;Defensor\u00eda de la Ni\u00f1ez, (2025) Diagn\u00f3stico sobre la situaci\u00f3n de derechos de la ni\u00f1ez y adolescencia 2025<\/p>\n\n\n<div class=\"wp-block-image is-style-rounded\">\n<figure class=\"alignright size-large is-resized\"><img loading=\"lazy\" decoding=\"async\" width=\"401\" height=\"1024\" src=\"https:\/\/fuerteyfeliz.cl\/web\/wp-content\/uploads\/2026\/02\/tomas-soto-401x1024.jpeg\" alt=\"\" class=\"wp-image-2662\" style=\"width:auto;height:250px\" srcset=\"https:\/\/fuerteyfeliz.cl\/web\/wp-content\/uploads\/2026\/02\/tomas-soto-401x1024.jpeg 401w, https:\/\/fuerteyfeliz.cl\/web\/wp-content\/uploads\/2026\/02\/tomas-soto-117x300.jpeg 117w, https:\/\/fuerteyfeliz.cl\/web\/wp-content\/uploads\/2026\/02\/tomas-soto.jpeg 486w\" sizes=\"auto, (max-width: 401px) 100vw, 401px\" \/><\/figure>\n<\/div>\n\n\n<p class=\"has-text-align-right\">Tom\u00e1s Soto Aguirre<\/p>\n\n\n\n<p class=\"has-text-align-right\">Profesor de Literatura<\/p>\n\n\n\n<p class=\"has-text-align-right\">Mg. en Literatura<\/p>\n\n\n\n<p class=\"has-text-align-right\">Mg. en Educaci\u00f3n<\/p>\n\n\n\n<!DOCTYPE html>\n<html lang=\"es\">\n<head>\n    <meta charset=\"UTF-8\">\n    <meta name=\"viewport\" content=\"width=device-width, initial-scale=1.0\">\n    <title>Compartir en WhatsApp y Facebook<\/title>\n    <!-- Metaetiquetas Open Graph -->\n    <meta property=\"og:title\" content=\"A\u00e7a\u00ed de Brasil, una historia de amor y compromiso\">\n    <meta property=\"og:description\" content=\"Llegaron desde Brasil para quedarse y volverse parte del patrimonio gastron\u00f3mico de nuestra zona\">\n    <meta property=\"og:image\" content=\"https:\/\/fuerteyfeliz.cl\/web\/wp-content\/uploads\/2024\/09\/AcaideBrasil-e1728643884816.jpg\">\n    <meta property=\"og:url\" content=\"https:\/\/fuerteyfeliz.cl\/web\/2024\/09\/17\/acai-una-historia-de-amor-y-compromiso\/\">\n    <meta property=\"og:type\" content=\"article\">\n    <meta property=\"og:site_name\" content=\"Fuerte y Feliz\">\n    <style>\n        \/* Estilo compartido para ambos botones *\/\n        .share-button {\n            padding: 10px 20px;\n            color: white;\n            border: none;\n            cursor: pointer;\n            font-size: 16px;\n            border-radius: 5px;\n            text-decoration: none;\n            display: inline-block;\n            margin: 5px;\n        }\n\n        \/* Color espec\u00edfico para WhatsApp *\/\n        .whatsapp-button {\n            background-color: #25D366;\n        }\n\n        .whatsapp-button:hover {\n            background-color: #1EBE5A;\n        }\n\n        \/* Color espec\u00edfico para Facebook *\/\n        .facebook-button {\n            background-color: #4267B2;\n        }\n\n        .facebook-button:hover {\n            background-color: #365899;\n        }\n    <\/style>\n<\/head>\n<body>\n\n    <!-- Bot\u00f3n de compartir en WhatsApp -->\n    <a class=\"share-button whatsapp-button\" href=\"#\" target=\"_blank\" rel=\"noopener\">Compartir en WhatsApp<\/a>\n\n    <!-- Bot\u00f3n de compartir en Facebook -->\n    <a class=\"share-button facebook-button\" href=\"#\" id=\"facebookShareButton\">Compartir en Facebook<\/a>\n\n    <script>\n        \/\/ Modificar el enlace de WhatsApp din\u00e1micamente con la URL actual\n        const currentUrl = window.location.href;\n        const whatsappButton = document.querySelector('.whatsapp-button');\n        whatsappButton.href = `https:\/\/wa.me\/?text=Visita%20esta%20p\u00e1gina:%20${encodeURIComponent(currentUrl)}`;\n\n        \/\/ Funci\u00f3n para compartir en Facebook\n        document.getElementById('facebookShareButton').addEventListener('click', function() {\n            const facebookUrl = `https:\/\/www.facebook.com\/sharer\/sharer.php?u=${encodeURIComponent(currentUrl)}`;\n            window.open(facebookUrl, '_blank', 'width=450,height=300');\n        });\n    <\/script>\n\n<\/body>\n<\/html>\n","protected":false},"excerpt":{"rendered":"<p>Hola a todos los lectores de Fuerte y Feliz. He aqu\u00ed mi segundo comentario respecto de algunos errores dentro del sistema educativo. &nbsp;&nbsp;&nbsp;&nbsp;&nbsp;&nbsp;&nbsp;&nbsp;&nbsp;&nbsp;&nbsp;&nbsp;&nbsp;&nbsp;&nbsp;&nbsp;&nbsp;&nbsp;Parto con una pregunta. \u00bfQu\u00e9 significa construir todo un sistema sobre la base de un conocimiento paup\u00e9rrimo, empobrecido de lo que es el aprendizaje? Occidente sobrevalor\u00f3 la racionalidad como esa \u00fanica porci\u00f3n sobre&#8230;<\/p>\n","protected":false},"author":1,"featured_media":2715,"comment_status":"closed","ping_status":"open","sticky":false,"template":"","format":"standard","meta":{"footnotes":""},"categories":[41,7],"tags":[],"class_list":["post-2714","post","type-post","status-publish","format-standard","has-post-thumbnail","hentry","category-la-columna-de-tomas-soto","category-opinion"],"_links":{"self":[{"href":"https:\/\/fuerteyfeliz.cl\/web\/wp-json\/wp\/v2\/posts\/2714","targetHints":{"allow":["GET"]}}],"collection":[{"href":"https:\/\/fuerteyfeliz.cl\/web\/wp-json\/wp\/v2\/posts"}],"about":[{"href":"https:\/\/fuerteyfeliz.cl\/web\/wp-json\/wp\/v2\/types\/post"}],"author":[{"embeddable":true,"href":"https:\/\/fuerteyfeliz.cl\/web\/wp-json\/wp\/v2\/users\/1"}],"replies":[{"embeddable":true,"href":"https:\/\/fuerteyfeliz.cl\/web\/wp-json\/wp\/v2\/comments?post=2714"}],"version-history":[{"count":2,"href":"https:\/\/fuerteyfeliz.cl\/web\/wp-json\/wp\/v2\/posts\/2714\/revisions"}],"predecessor-version":[{"id":2718,"href":"https:\/\/fuerteyfeliz.cl\/web\/wp-json\/wp\/v2\/posts\/2714\/revisions\/2718"}],"wp:featuredmedia":[{"embeddable":true,"href":"https:\/\/fuerteyfeliz.cl\/web\/wp-json\/wp\/v2\/media\/2715"}],"wp:attachment":[{"href":"https:\/\/fuerteyfeliz.cl\/web\/wp-json\/wp\/v2\/media?parent=2714"}],"wp:term":[{"taxonomy":"category","embeddable":true,"href":"https:\/\/fuerteyfeliz.cl\/web\/wp-json\/wp\/v2\/categories?post=2714"},{"taxonomy":"post_tag","embeddable":true,"href":"https:\/\/fuerteyfeliz.cl\/web\/wp-json\/wp\/v2\/tags?post=2714"}],"curies":[{"name":"wp","href":"https:\/\/api.w.org\/{rel}","templated":true}]}}