{"id":2720,"date":"2026-03-07T15:40:10","date_gmt":"2026-03-07T18:40:10","guid":{"rendered":"https:\/\/fuerteyfeliz.cl\/web\/?p=2720"},"modified":"2026-03-07T15:40:10","modified_gmt":"2026-03-07T18:40:10","slug":"una-isla-de-sentido","status":"publish","type":"post","link":"https:\/\/fuerteyfeliz.cl\/web\/2026\/03\/07\/una-isla-de-sentido\/","title":{"rendered":"Una isla de sentido"},"content":{"rendered":"\n<p>El profesor Brian Cox piensa que todos los pol\u00edticos deber\u00edan ser mandados al espacio, todos, la mayor\u00eda deber\u00eda regresar, dice con iron\u00eda. La raz\u00f3n es la siguiente, todos los astronautas que han viajado al espacio dicen que se trata de una experiencia espiritual, ellos sintieron, que la tierra es un lugar tan valioso, que es un solo mundo. Un astronauta de Arabia Saudita dijo que en la primera \u00f3rbita alrededor de la tierra uno mira a trav\u00e9s de la ventana y busca su pueblo natal, y luego La Meca y luego a Arabia Saudita, su pa\u00eds; pero luego de la cuarta o quinta vez, Ve s\u00f3lo la tierra; y ese es el tema: la astronom\u00eda y la ciencia del cosmos nos dan una perspectiva tremendamente valiosa.<\/p>\n\n\n\n<p>En otra oportunidad le pidieron hacer una introducci\u00f3n para la reuni\u00f3n de la COP sobre el clima, a\u00f1os atr\u00e1s en Glasgow, y le dieron un minuto para hablar a los l\u00edderes mundiales. Le dijeron: tienes un minuto para decirles algo. \u00bfQu\u00e9 es lo que quieres decirles? Y \u00e9l les dijo: Por lo que sabemos este planeta es la \u00fanica isla de \u201csentido\u201d en un oc\u00e9ano de 400 mil millones de soles. As\u00ed que, \u00bfqu\u00e9 significa esto?, lo que sea, se trata de una cualidad de los seres vivientes. El universo tiene sentido para nosotros. Entonces tenemos esta \u00fanica isla de significado en un oc\u00e9ano de 400 mil millones de soles; entonces si destruimos esto, estar\u00edamos eliminando para siempre el sentido o el valor en una galaxia de 400 mil millones de estrellas. El profesor termina diciendo: ahora dialoguen ustedes al respecto.&nbsp;Sus dos intervenciones est\u00e1n conectadas y se conectan tambi\u00e9n con lo que est\u00e1 sucediendo en el mundo hoy; con las guerras e invasiones. Nos resulta tan dif\u00edcil desprendernos de nuestra condici\u00f3n, de nuestros nacionalismos. Si bien Her\u00e1clito dec\u00eda, el padre de todo es la guerra, quiz\u00e1s \u00e9l fil\u00f3sofo no ten\u00eda la visi\u00f3n que tenemos hoy del cosmos y de la ecolog\u00eda. Recuerdo lo que me dijo una joven brasile\u00f1a hace varias d\u00e9cadas: no deber\u00edan existir pa\u00edses, en ese tiempo me pareci\u00f3 raro por decir lo menos; con el tiempo le ido encontrando raz\u00f3n. Por otra parte, cu\u00e1nto da\u00f1o humano y ecol\u00f3gico causan las guerras; cu\u00e1nto petr\u00f3leo derramado en el golfo p\u00e9rsico. Sin profundizar siquiera en las barbaridades que a\u00fan se cometen en el planeta, que no es necesario mencionar. Por nuestra falta de sentido destruimos esta \u00fanica isla de seres vivientes en un universo infinito.<\/p>\n\n\n\n<p class=\"has-text-align-right\">Citadini<\/p>\n","protected":false},"excerpt":{"rendered":"<p>El profesor Brian Cox piensa que todos los pol\u00edticos deber\u00edan ser mandados al espacio, todos, la mayor\u00eda deber\u00eda regresar, dice con iron\u00eda. La raz\u00f3n es la siguiente, todos los astronautas que han viajado al espacio dicen que se trata de una experiencia espiritual, ellos sintieron, que la tierra es un lugar tan valioso, que es&#8230;<\/p>\n","protected":false},"author":1,"featured_media":2721,"comment_status":"closed","ping_status":"open","sticky":false,"template":"","format":"standard","meta":{"footnotes":""},"categories":[11,7],"tags":[],"class_list":["post-2720","post","type-post","status-publish","format-standard","has-post-thumbnail","hentry","category-columna-citadini","category-opinion"],"_links":{"self":[{"href":"https:\/\/fuerteyfeliz.cl\/web\/wp-json\/wp\/v2\/posts\/2720","targetHints":{"allow":["GET"]}}],"collection":[{"href":"https:\/\/fuerteyfeliz.cl\/web\/wp-json\/wp\/v2\/posts"}],"about":[{"href":"https:\/\/fuerteyfeliz.cl\/web\/wp-json\/wp\/v2\/types\/post"}],"author":[{"embeddable":true,"href":"https:\/\/fuerteyfeliz.cl\/web\/wp-json\/wp\/v2\/users\/1"}],"replies":[{"embeddable":true,"href":"https:\/\/fuerteyfeliz.cl\/web\/wp-json\/wp\/v2\/comments?post=2720"}],"version-history":[{"count":1,"href":"https:\/\/fuerteyfeliz.cl\/web\/wp-json\/wp\/v2\/posts\/2720\/revisions"}],"predecessor-version":[{"id":2722,"href":"https:\/\/fuerteyfeliz.cl\/web\/wp-json\/wp\/v2\/posts\/2720\/revisions\/2722"}],"wp:featuredmedia":[{"embeddable":true,"href":"https:\/\/fuerteyfeliz.cl\/web\/wp-json\/wp\/v2\/media\/2721"}],"wp:attachment":[{"href":"https:\/\/fuerteyfeliz.cl\/web\/wp-json\/wp\/v2\/media?parent=2720"}],"wp:term":[{"taxonomy":"category","embeddable":true,"href":"https:\/\/fuerteyfeliz.cl\/web\/wp-json\/wp\/v2\/categories?post=2720"},{"taxonomy":"post_tag","embeddable":true,"href":"https:\/\/fuerteyfeliz.cl\/web\/wp-json\/wp\/v2\/tags?post=2720"}],"curies":[{"name":"wp","href":"https:\/\/api.w.org\/{rel}","templated":true}]}}