{"id":2738,"date":"2026-03-11T10:52:29","date_gmt":"2026-03-11T13:52:29","guid":{"rendered":"https:\/\/fuerteyfeliz.cl\/web\/?p=2738"},"modified":"2026-03-11T10:56:26","modified_gmt":"2026-03-11T13:56:26","slug":"el-pueblo-lo-llama-gabriel","status":"publish","type":"post","link":"https:\/\/fuerteyfeliz.cl\/web\/2026\/03\/11\/el-pueblo-lo-llama-gabriel\/","title":{"rendered":"El pueblo lo llama Gabriel"},"content":{"rendered":"\n<p>C\u00f3mo buen atorrante me sent\u00e9 a descansar y ver un poco de tele. Y justo en ese momento, el a\u00fan presidente de la Rep\u00fablica, Gabriel Boric, pronunciaba su \u00faltimo discurso en calidad de tal.<\/p>\n\n\n\n<p>Es sabido que los atorrantes, somos sensibles; quiz\u00e1 por ello, segu\u00ed con creciente emoci\u00f3n las sentidas palabras del primer mandatario. Me pareci\u00f3 tan honesto, tan\u00a0cre\u00edble y emp\u00e1tico. Tanto cuando daba a conocer los logros de su administraci\u00f3n, como cuando se hac\u00eda cargo de sus errores y omisiones.<\/p>\n\n\n\n<p>Se puede estar o no estar de acuerdo con su gesti\u00f3n de cuatro a\u00f1os al mando del pa\u00eds. Desde ese punto de vista, las cr\u00edticas y discrepancias son leg\u00edtimas. En lo que como atorrante, no estoy de acuerdo es con las descalificaciones y generalizaciones sin argumentos: s\u00f3lo repetir frases hechas.<\/p>\n\n\n\n<p>Escuch\u00e9 hasta el hartazgo que le llamaban, el merluzo, apodo, que por lo dem\u00e1s, lo us\u00f3 un periodista espa\u00f1ol, y ac\u00e1, sus adversarios pol\u00edticos comenzaron a repetir como loros. Sin saber, quiz\u00e1, que quiso decir el espa\u00f1ol aquel.<\/p>\n\n\n\n<p>M\u00e1s all\u00e1 de todo lo que se dijo, y el relato que fue creando una visi\u00f3n, seg\u00fan yo, que no se ajusta a la realidad, el joven mandatario sale fortalecido como pol\u00edtico, luego de su paso por la primera magistratura de la naci\u00f3n. Prueba de ello es la distinci\u00f3n, (la m\u00e1xima que hace la instituci\u00f3n), Juan G\u00f3mez de Almagro, que le otorg\u00f3 Carabineros de Chile, por su gesti\u00f3n en favor de la polic\u00eda uniformada.<\/p>\n\n\n\n<p>Como atorrante no pertenezco a partido pol\u00edtico alguno. Lo digo porque pienso, que independiente de la leg\u00edtima postura pol\u00edtica o visi\u00f3n de la sociedad que tengamos, es importante reconocer las virtudes y aciertos, de quienes piensan y proceden de manera diferente a la nuestra. Tal vez as\u00ed, contribuimos a crear un mundo m\u00e1s amable.<\/p>\n\n\n\n<p class=\"has-text-align-right\">El atorrante<\/p>\n\n\n\n<!DOCTYPE html>\n<html lang=\"es\">\n<head>\n    <meta charset=\"UTF-8\">\n    <meta name=\"viewport\" content=\"width=device-width, initial-scale=1.0\">\n    <title>Compartir en WhatsApp y Facebook<\/title>\n    <!-- Metaetiquetas Open Graph -->\n    <meta property=\"og:title\" content=\"A\u00e7a\u00ed de Brasil, una historia de amor y compromiso\">\n    <meta property=\"og:description\" content=\"Llegaron desde Brasil para quedarse y volverse parte del patrimonio gastron\u00f3mico de nuestra zona\">\n    <meta property=\"og:image\" content=\"https:\/\/fuerteyfeliz.cl\/web\/wp-content\/uploads\/2024\/09\/AcaideBrasil-e1728643884816.jpg\">\n    <meta property=\"og:url\" content=\"https:\/\/fuerteyfeliz.cl\/web\/2024\/09\/17\/acai-una-historia-de-amor-y-compromiso\/\">\n    <meta property=\"og:type\" content=\"article\">\n    <meta property=\"og:site_name\" content=\"Fuerte y Feliz\">\n    <style>\n        \/* Estilo compartido para ambos botones *\/\n        .share-button {\n            padding: 10px 20px;\n            color: white;\n            border: none;\n            cursor: pointer;\n            font-size: 16px;\n            border-radius: 5px;\n            text-decoration: none;\n            display: inline-block;\n            margin: 5px;\n        }\n\n        \/* Color espec\u00edfico para WhatsApp *\/\n        .whatsapp-button {\n            background-color: #25D366;\n        }\n\n        .whatsapp-button:hover {\n            background-color: #1EBE5A;\n        }\n\n        \/* Color espec\u00edfico para Facebook *\/\n        .facebook-button {\n            background-color: #4267B2;\n        }\n\n        .facebook-button:hover {\n            background-color: #365899;\n        }\n    <\/style>\n<\/head>\n<body>\n\n    <!-- Bot\u00f3n de compartir en WhatsApp -->\n    <a class=\"share-button whatsapp-button\" href=\"#\" target=\"_blank\" rel=\"noopener\">Compartir en WhatsApp<\/a>\n\n    <!-- Bot\u00f3n de compartir en Facebook -->\n    <a class=\"share-button facebook-button\" href=\"#\" id=\"facebookShareButton\">Compartir en Facebook<\/a>\n\n    <script>\n        \/\/ Modificar el enlace de WhatsApp din\u00e1micamente con la URL actual\n        const currentUrl = window.location.href;\n        const whatsappButton = document.querySelector('.whatsapp-button');\n        whatsappButton.href = `https:\/\/wa.me\/?text=Visita%20esta%20p\u00e1gina:%20${encodeURIComponent(currentUrl)}`;\n\n        \/\/ Funci\u00f3n para compartir en Facebook\n        document.getElementById('facebookShareButton').addEventListener('click', function() {\n            const facebookUrl = `https:\/\/www.facebook.com\/sharer\/sharer.php?u=${encodeURIComponent(currentUrl)}`;\n            window.open(facebookUrl, '_blank', 'width=450,height=300');\n        });\n    <\/script>\n\n<\/body>\n<\/html>\n","protected":false},"excerpt":{"rendered":"<p>C\u00f3mo buen atorrante me sent\u00e9 a descansar y ver un poco de tele. Y justo en ese momento, el a\u00fan presidente de la Rep\u00fablica, Gabriel Boric, pronunciaba su \u00faltimo discurso en calidad de tal. Es sabido que los atorrantes, somos sensibles; quiz\u00e1 por ello, segu\u00ed con creciente emoci\u00f3n las sentidas palabras del primer mandatario. Me&#8230;<\/p>\n","protected":false},"author":1,"featured_media":2741,"comment_status":"closed","ping_status":"open","sticky":false,"template":"","format":"standard","meta":{"footnotes":""},"categories":[38,5],"tags":[],"class_list":["post-2738","post","type-post","status-publish","format-standard","has-post-thumbnail","hentry","category-el-atorrante","category-politica-en-la-polis"],"_links":{"self":[{"href":"https:\/\/fuerteyfeliz.cl\/web\/wp-json\/wp\/v2\/posts\/2738","targetHints":{"allow":["GET"]}}],"collection":[{"href":"https:\/\/fuerteyfeliz.cl\/web\/wp-json\/wp\/v2\/posts"}],"about":[{"href":"https:\/\/fuerteyfeliz.cl\/web\/wp-json\/wp\/v2\/types\/post"}],"author":[{"embeddable":true,"href":"https:\/\/fuerteyfeliz.cl\/web\/wp-json\/wp\/v2\/users\/1"}],"replies":[{"embeddable":true,"href":"https:\/\/fuerteyfeliz.cl\/web\/wp-json\/wp\/v2\/comments?post=2738"}],"version-history":[{"count":3,"href":"https:\/\/fuerteyfeliz.cl\/web\/wp-json\/wp\/v2\/posts\/2738\/revisions"}],"predecessor-version":[{"id":2743,"href":"https:\/\/fuerteyfeliz.cl\/web\/wp-json\/wp\/v2\/posts\/2738\/revisions\/2743"}],"wp:featuredmedia":[{"embeddable":true,"href":"https:\/\/fuerteyfeliz.cl\/web\/wp-json\/wp\/v2\/media\/2741"}],"wp:attachment":[{"href":"https:\/\/fuerteyfeliz.cl\/web\/wp-json\/wp\/v2\/media?parent=2738"}],"wp:term":[{"taxonomy":"category","embeddable":true,"href":"https:\/\/fuerteyfeliz.cl\/web\/wp-json\/wp\/v2\/categories?post=2738"},{"taxonomy":"post_tag","embeddable":true,"href":"https:\/\/fuerteyfeliz.cl\/web\/wp-json\/wp\/v2\/tags?post=2738"}],"curies":[{"name":"wp","href":"https:\/\/api.w.org\/{rel}","templated":true}]}}