{"id":2754,"date":"2026-03-11T22:38:13","date_gmt":"2026-03-12T01:38:13","guid":{"rendered":"https:\/\/fuerteyfeliz.cl\/web\/?p=2754"},"modified":"2026-03-11T22:38:13","modified_gmt":"2026-03-12T01:38:13","slug":"inauguramos-nueva-seccion-testimonios","status":"publish","type":"post","link":"https:\/\/fuerteyfeliz.cl\/web\/2026\/03\/11\/inauguramos-nueva-seccion-testimonios\/","title":{"rendered":"Inauguramos nueva secci\u00f3n: Testimonios"},"content":{"rendered":"\n<p>Queremos contarte que estamos inaugurando una nueva secci\u00f3n en fuerteyfeliz.cl, donde recibiremos tus relatos sobre vivencias tuyas reales.<\/p>\n\n\n\n<p>Puedes contarnos cualquier situaci\u00f3n anecd\u00f3tica que sea graciosa, reflexiva, triste, alegre, en fin diversa, como es la vida misma. Pueden ser relatos actuales o antiguos, siempre que sean un aporte a la sana convivencia, sin descalificar a terceros.<\/p>\n\n\n\n<p>Quiz\u00e1s tengas una buena historia, y no te atrevas a escribirla. No te preocupes, nosotros te ayudamos con la redacci\u00f3n.<\/p>\n\n\n\n<p>Env\u00edanos tu relato a fuerteyfelizsf@gmail.com y p\u00e9galo en el cuerpo del correo, o env\u00edalo en formato Word, con una extensi\u00f3n m\u00e1xima de una hoja tama\u00f1o carta.<\/p>\n\n\n\n<p>Si tienes fotograf\u00edas alusivas a tu relato, las puedes enviar.<\/p>\n\n\n\n<p>En Asunto, escribe Testimonios. <\/p>\n\n\n\n<p>En el cuerpo del correo, agrega tu nombre completo, y lugar desde donde escribes. Si prefieres publicaremos tu texto con un pseud\u00f3nimo, siempre que el relato cumpla con lo antes se\u00f1alado.<\/p>\n\n\n\n<p class=\"has-text-align-right\">Equipo fyf<\/p>\n\n\n\n<!DOCTYPE html>\n<html lang=\"es\">\n<head>\n    <meta charset=\"UTF-8\">\n    <meta name=\"viewport\" content=\"width=device-width, initial-scale=1.0\">\n    <title>Compartir en WhatsApp y Facebook<\/title>\n    <!-- Metaetiquetas Open Graph -->\n    <meta property=\"og:title\" content=\"A\u00e7a\u00ed de Brasil, una historia de amor y compromiso\">\n    <meta property=\"og:description\" content=\"Llegaron desde Brasil para quedarse y volverse parte del patrimonio gastron\u00f3mico de nuestra zona\">\n    <meta property=\"og:image\" content=\"https:\/\/fuerteyfeliz.cl\/web\/wp-content\/uploads\/2024\/09\/AcaideBrasil-e1728643884816.jpg\">\n    <meta property=\"og:url\" content=\"https:\/\/fuerteyfeliz.cl\/web\/2024\/09\/17\/acai-una-historia-de-amor-y-compromiso\/\">\n    <meta property=\"og:type\" content=\"article\">\n    <meta property=\"og:site_name\" content=\"Fuerte y Feliz\">\n    <style>\n        \/* Estilo compartido para ambos botones *\/\n        .share-button {\n            padding: 10px 20px;\n            color: white;\n            border: none;\n            cursor: pointer;\n            font-size: 16px;\n            border-radius: 5px;\n            text-decoration: none;\n            display: inline-block;\n            margin: 5px;\n        }\n\n        \/* Color espec\u00edfico para WhatsApp *\/\n        .whatsapp-button {\n            background-color: #25D366;\n        }\n\n        .whatsapp-button:hover {\n            background-color: #1EBE5A;\n        }\n\n        \/* Color espec\u00edfico para Facebook *\/\n        .facebook-button {\n            background-color: #4267B2;\n        }\n\n        .facebook-button:hover {\n            background-color: #365899;\n        }\n    <\/style>\n<\/head>\n<body>\n\n    <!-- Bot\u00f3n de compartir en WhatsApp -->\n    <a class=\"share-button whatsapp-button\" href=\"#\" target=\"_blank\" rel=\"noopener\">Compartir en WhatsApp<\/a>\n\n    <!-- Bot\u00f3n de compartir en Facebook -->\n    <a class=\"share-button facebook-button\" href=\"#\" id=\"facebookShareButton\">Compartir en Facebook<\/a>\n\n    <script>\n        \/\/ Modificar el enlace de WhatsApp din\u00e1micamente con la URL actual\n        const currentUrl = window.location.href;\n        const whatsappButton = document.querySelector('.whatsapp-button');\n        whatsappButton.href = `https:\/\/wa.me\/?text=Visita%20esta%20p\u00e1gina:%20${encodeURIComponent(currentUrl)}`;\n\n        \/\/ Funci\u00f3n para compartir en Facebook\n        document.getElementById('facebookShareButton').addEventListener('click', function() {\n            const facebookUrl = `https:\/\/www.facebook.com\/sharer\/sharer.php?u=${encodeURIComponent(currentUrl)}`;\n            window.open(facebookUrl, '_blank', 'width=450,height=300');\n        });\n    <\/script>\n\n<\/body>\n<\/html>\n\n\n\n<p><\/p>\n","protected":false},"excerpt":{"rendered":"<p>Queremos contarte que estamos inaugurando una nueva secci\u00f3n en fuerteyfeliz.cl, donde recibiremos tus relatos sobre vivencias tuyas reales. Puedes contarnos cualquier situaci\u00f3n anecd\u00f3tica que sea graciosa, reflexiva, triste, alegre, en fin diversa, como es la vida misma. Pueden ser relatos actuales o antiguos, siempre que sean un aporte a la sana convivencia, sin descalificar a&#8230;<\/p>\n","protected":false},"author":1,"featured_media":2755,"comment_status":"closed","ping_status":"open","sticky":false,"template":"","format":"standard","meta":{"footnotes":""},"categories":[42],"tags":[],"class_list":["post-2754","post","type-post","status-publish","format-standard","has-post-thumbnail","hentry","category-testimonios"],"_links":{"self":[{"href":"https:\/\/fuerteyfeliz.cl\/web\/wp-json\/wp\/v2\/posts\/2754","targetHints":{"allow":["GET"]}}],"collection":[{"href":"https:\/\/fuerteyfeliz.cl\/web\/wp-json\/wp\/v2\/posts"}],"about":[{"href":"https:\/\/fuerteyfeliz.cl\/web\/wp-json\/wp\/v2\/types\/post"}],"author":[{"embeddable":true,"href":"https:\/\/fuerteyfeliz.cl\/web\/wp-json\/wp\/v2\/users\/1"}],"replies":[{"embeddable":true,"href":"https:\/\/fuerteyfeliz.cl\/web\/wp-json\/wp\/v2\/comments?post=2754"}],"version-history":[{"count":1,"href":"https:\/\/fuerteyfeliz.cl\/web\/wp-json\/wp\/v2\/posts\/2754\/revisions"}],"predecessor-version":[{"id":2756,"href":"https:\/\/fuerteyfeliz.cl\/web\/wp-json\/wp\/v2\/posts\/2754\/revisions\/2756"}],"wp:featuredmedia":[{"embeddable":true,"href":"https:\/\/fuerteyfeliz.cl\/web\/wp-json\/wp\/v2\/media\/2755"}],"wp:attachment":[{"href":"https:\/\/fuerteyfeliz.cl\/web\/wp-json\/wp\/v2\/media?parent=2754"}],"wp:term":[{"taxonomy":"category","embeddable":true,"href":"https:\/\/fuerteyfeliz.cl\/web\/wp-json\/wp\/v2\/categories?post=2754"},{"taxonomy":"post_tag","embeddable":true,"href":"https:\/\/fuerteyfeliz.cl\/web\/wp-json\/wp\/v2\/tags?post=2754"}],"curies":[{"name":"wp","href":"https:\/\/api.w.org\/{rel}","templated":true}]}}