{"id":2761,"date":"2026-03-12T11:37:05","date_gmt":"2026-03-12T14:37:05","guid":{"rendered":"https:\/\/fuerteyfeliz.cl\/web\/?p=2761"},"modified":"2026-03-12T15:21:59","modified_gmt":"2026-03-12T18:21:59","slug":"los-metodos-disciplinarios-de-las-monjitas","status":"publish","type":"post","link":"https:\/\/fuerteyfeliz.cl\/web\/2026\/03\/12\/los-metodos-disciplinarios-de-las-monjitas\/","title":{"rendered":"Los m\u00e9todos disciplinarios de las monjitas"},"content":{"rendered":"\n<p>&nbsp;&nbsp; &nbsp; &nbsp; &nbsp;&nbsp;Hace unos pocos d\u00edas cuando hablaba con mi hija mayor y me contaba que pronto mis nietas retornar\u00edan a clases, despu\u00e9s de unas agitadas y divertidas vacaciones; record\u00e9 una historia que narr\u00e9 hace algunos a\u00f1os en un muro de Facebook, cuando invitaron a contar an\u00e9cdotas estudiantiles; entusiasmado en aquella ocasi\u00f3n, relat\u00e9 la siguiente historia, real por lo dem\u00e1s y acaecida en mi querido IAC, donde estudie desde Kinder a 4\u00b0 Medio, teniendo como educadores a Monjas colombianas en la Ense\u00f1anza B\u00e1sica y a Religiosos canadienses en la Ense\u00f1anza Media, pertenecientes ambos a diferentes \u00f3rdenes religiosas cat\u00f3licas.<\/p>\n\n\n\n<p>&nbsp;&nbsp; &nbsp; &nbsp; &nbsp;&nbsp;Corr\u00eda la primavera de 1967 aproximadamente&#8230;cuando a la salida del colegio, que en esos a\u00f1os, su acceso principal sol\u00eda ser por calle Freire&#8230; tuvimos con un par de compa\u00f1eros de curso, \u00abla genial idea\u00bb de jugar con la suspensi\u00f3n de una Citroneta que se encontraba estacionada frente al colegio y disfrutar del \u00absube y baja\u00bb, encaramados en el parachoques posterior del auto&#8230; \u00a1\u00a1\u00a1Tratando de que este tocar\u00e1 el pavimento!!!&nbsp;Nos encontr\u00e1bamos en \u00abtan divertida situaci\u00f3n\u00bb&#8230; cuando aparece el due\u00f1o de la Citroneta.&nbsp;Mis amigos, al verlo&#8230; se dan a la fuga en precipitada carrera&#8230; pero yo no alcanc\u00e9&#8230; el se\u00f1or, de muy alta estatura, me tom\u00f3 por la chaqueta y me llev\u00f3 a empujones ante una de las monjas que estaba como portera en la entrada.&nbsp;&nbsp;Ante tal alboroto aparecieron otras monjitas y luego de una breve discusi\u00f3n&#8230; deciden conducirme ante \u00abLa Santa Inquisici\u00f3n\u00bb&#8230; \u00a1\u00a1\u00a1la madre superiora!!!&nbsp;El se\u00f1or alegaba que en el porta maletas de \u00abla citrola\u00bb, hab\u00eda un bal\u00f3n de gas y que este podr\u00eda haber explotado&#8230; luego de unos cortos alegatos y nada en favor de mi defensa, la sentencia fue dada; ser\u00eda conducido \u00abal cuarto obscuro\u00bb, a compartir con \u00ablos diablos, demonios y todos los cucos\u00bb que all\u00ed se encontraban, por la maldad realizada.&nbsp;<\/p>\n\n\n\n<p>&nbsp; &nbsp; &nbsp; &nbsp; &nbsp;&nbsp;Cabe se\u00f1alar tambi\u00e9n que en aquellos a\u00f1os los m\u00e9todos disciplinarios distaban mucho a los de hoy d\u00eda.&nbsp;Algunos consist\u00edan en poner los dedos al borde de un mes\u00f3n para ser golpeados con reglas de madera; en otros casos, nos afirmaban nuestras mu\u00f1ecas y te ped\u00edan que relajaras las manos para ser golpeados los dedos al filo del pupitre, de lo contrario, al empu\u00f1ar la mano, el golpe en los nudillos sol\u00eda ser m\u00e1s doloroso. Tambi\u00e9n sufr\u00edamos golpes en la espalda a la altura de uno de los pulmones, con el pu\u00f1o y un dedo en punta&#8230; que cortaban la respiraci\u00f3n por algunos segundos.&nbsp;Entre los castigos m\u00e1s ben\u00e9volos estaban: el pararte en una esquina de la clase y de espalda a los alumnos; y por supuesto&#8230; el t\u00edpico \u00abcoscacho\u00bb, por re\u00edrte en un momento no adecuado, como en misa, por ejemplo; o mal parado en la fila, o por lo que se le ocurriera a \u00abla madrecita\u00bb.&nbsp;Casi todos los castigos en alguna oportunidad los experiment\u00e9, a pesar de parecer tener \u00abcara de ni\u00f1o bueno\u00bb&#8230; y que fueron en respuesta a las travesuras t\u00edpicas de la edad; aunque por cierto, en esto me la ganaban otros compa\u00f1eros.<\/p>\n\n\n\n<p>&nbsp; &nbsp; &nbsp; &nbsp;&nbsp;Luego de la sentencia entr\u00e9 en p\u00e1nico&#8230; y fui arrastrado literalmente de orejas, manos y pies, hasta la residencia de \u00e9stas&#8230; una antigua casona que daba hacia calle Toro Mazote; con patio a modo de jard\u00edn central, rodeado de pasillos con un piso de un rojo obscuro brillante y de delgados pilares a sus costados. No les fue f\u00e1cil llevarme ante mi determinada resistencia desde la Oficina de la Direcci\u00f3n, ubicada cerca del pasillo de la entrada del colegio, atravesando todo el patio principal, que en ese momento estaba casi vac\u00edo&#8230; pero entre todas, cinco para ser exacto&#8230; finalmente lo lograron y en ese forcejeo fui empujado de espalda, hacia lo que luego yo llam\u00e9&#8230; \u00abel calabozo\u00bb; por lo que no logr\u00e9 ver en su momento las condiciones del mismo, ni los anunciados demonios que all\u00ed habitaban.&nbsp;&nbsp;Una vez cerradas las delgadas puertas y escuchar el sonido del cerrojo&#8230; recuerdo haber roto en llanto.&nbsp;Poco a poco me fui tranquilizando&#8230; no hab\u00eda de otra y comenc\u00e9 a tramar estrategias para enfrentarme a tales demonios&#8230; no se ve\u00eda nada, solo una tenue luz que entraba por el filo inferior de la puerta, pero insuficiente para ver algo&#8230; mi coraz\u00f3n lat\u00eda a mil por hora&#8230; mi mente y cuerpo, alerta esperando el primer ataque&#8230; pero nada&#8230; me parec\u00eda una eternidad&#8230; y estoicamente aguantaba.&nbsp;Despu\u00e9s de mucho, mucho tiempo, escuch\u00e9 voces que se acercaban cada vez m\u00e1s, luego silencio, nuevamente el sonido del cerrojo y finalmente se abri\u00f3 la puerta&#8230; apenas pod\u00eda ver por la intensidad de la luz&#8230; pero en mi ceguera temporal, reconoc\u00ed la silueta de mis padres&#8230; inmediatamente gir\u00e9 mi cabeza y descubr\u00ed que se trataba de una peque\u00f1a habitaci\u00f3n&#8230; y entre alivio y decepci\u00f3n&#8230; vi que hab\u00edan \u00a1\u00a1\u00a1baldes, escobas y traperos!!!<\/p>\n\n\n\n<p>El retorno a casa en el Jeep de mi padre fue en absoluto silencio&#8230; como lo fue tambi\u00e9n el almuerzo, ya que al ingresar el Jeep al terreno a trav\u00e9s del port\u00f3n de madera ubicado al lado de un gran \u00e1lamo&#8230; vi a casi todos mis hermanos y hermanas como formados bajo la buganvilia en la entrada principal de la casa y al bajar yo de este, observ\u00e9 que unos me miraban como con el ce\u00f1o fruncido y con una mirada expectante, entre curiosa e inquisidora, y al ver ellos que estaba en buenas condiciones&#8230; corrieron hacia el interior de la casa, no s\u00e9 si por temor a mis padres a ser retados por no estar almorzando o si escapaban del \u00abmalandro\u00bb que ven\u00eda llegando.&nbsp;Fue un almuerzo inc\u00f3modo, con risas nerviosas de mis hermanos y hermanas por no saber a\u00fan el motivo y resultado de tama\u00f1a travesura.<\/p>\n\n\n\n<p>Desde ese d\u00eda dej\u00e9 de temerle a la obscuridad, la soledad y tambi\u00e9n en cierta forma, a cuestionarlo todo&#8230; incluso la religi\u00f3n!!!<\/p>\n\n\n\n<p class=\"has-text-align-right\">Claudio Arzani Anders- Quito &#8211; febrero, 2026<\/p>\n\n\n\n<figure class=\"wp-block-image size-medium\"><img loading=\"lazy\" decoding=\"async\" width=\"300\" height=\"204\" src=\"https:\/\/fuerteyfeliz.cl\/web\/wp-content\/uploads\/2026\/03\/los-metodos-monjitas-claudio-arzani-1-300x204.jpeg\" alt=\"\" class=\"wp-image-2763\" srcset=\"https:\/\/fuerteyfeliz.cl\/web\/wp-content\/uploads\/2026\/03\/los-metodos-monjitas-claudio-arzani-1-300x204.jpeg 300w, https:\/\/fuerteyfeliz.cl\/web\/wp-content\/uploads\/2026\/03\/los-metodos-monjitas-claudio-arzani-1.jpeg 700w\" sizes=\"auto, (max-width: 300px) 100vw, 300px\" \/><figcaption class=\"wp-element-caption\">Alumnos I.A.C. Generaci\u00f3n 1975, El querido Luchito y el profesor Checho Espinoza.<\/figcaption><\/figure>\n\n\n\n<!DOCTYPE html>\n<html lang=\"es\">\n<head>\n    <meta charset=\"UTF-8\">\n    <meta name=\"viewport\" content=\"width=device-width, initial-scale=1.0\">\n    <title>Compartir en WhatsApp y Facebook<\/title>\n    <!-- Metaetiquetas Open Graph -->\n    <meta property=\"og:title\" content=\"A\u00e7a\u00ed de Brasil, una historia de amor y compromiso\">\n    <meta property=\"og:description\" content=\"Llegaron desde Brasil para quedarse y volverse parte del patrimonio gastron\u00f3mico de nuestra zona\">\n    <meta property=\"og:image\" content=\"https:\/\/fuerteyfeliz.cl\/web\/wp-content\/uploads\/2024\/09\/AcaideBrasil-e1728643884816.jpg\">\n    <meta property=\"og:url\" content=\"https:\/\/fuerteyfeliz.cl\/web\/2024\/09\/17\/acai-una-historia-de-amor-y-compromiso\/\">\n    <meta property=\"og:type\" content=\"article\">\n    <meta property=\"og:site_name\" content=\"Fuerte y Feliz\">\n    <style>\n        \/* Estilo compartido para ambos botones *\/\n        .share-button {\n            padding: 10px 20px;\n            color: white;\n            border: none;\n            cursor: pointer;\n            font-size: 16px;\n            border-radius: 5px;\n            text-decoration: none;\n            display: inline-block;\n            margin: 5px;\n        }\n\n        \/* Color espec\u00edfico para WhatsApp *\/\n        .whatsapp-button {\n            background-color: #25D366;\n        }\n\n        .whatsapp-button:hover {\n            background-color: #1EBE5A;\n        }\n\n        \/* Color espec\u00edfico para Facebook *\/\n        .facebook-button {\n            background-color: #4267B2;\n        }\n\n        .facebook-button:hover {\n            background-color: #365899;\n        }\n    <\/style>\n<\/head>\n<body>\n\n    <!-- Bot\u00f3n de compartir en WhatsApp -->\n    <a class=\"share-button whatsapp-button\" href=\"#\" target=\"_blank\" rel=\"noopener\">Compartir en WhatsApp<\/a>\n\n    <!-- Bot\u00f3n de compartir en Facebook -->\n    <a class=\"share-button facebook-button\" href=\"#\" id=\"facebookShareButton\">Compartir en Facebook<\/a>\n\n    <script>\n        \/\/ Modificar el enlace de WhatsApp din\u00e1micamente con la URL actual\n        const currentUrl = window.location.href;\n        const whatsappButton = document.querySelector('.whatsapp-button');\n        whatsappButton.href = `https:\/\/wa.me\/?text=Visita%20esta%20p\u00e1gina:%20${encodeURIComponent(currentUrl)}`;\n\n        \/\/ Funci\u00f3n para compartir en Facebook\n        document.getElementById('facebookShareButton').addEventListener('click', function() {\n            const facebookUrl = `https:\/\/www.facebook.com\/sharer\/sharer.php?u=${encodeURIComponent(currentUrl)}`;\n            window.open(facebookUrl, '_blank', 'width=450,height=300');\n        });\n    <\/script>\n\n<\/body>\n<\/html>\n","protected":false},"excerpt":{"rendered":"<p>&nbsp;&nbsp; &nbsp; &nbsp; &nbsp;&nbsp;Hace unos pocos d\u00edas cuando hablaba con mi hija mayor y me contaba que pronto mis nietas retornar\u00edan a clases, despu\u00e9s de unas agitadas y divertidas vacaciones; record\u00e9 una historia que narr\u00e9 hace algunos a\u00f1os en un muro de Facebook, cuando invitaron a contar an\u00e9cdotas estudiantiles; entusiasmado en aquella ocasi\u00f3n, relat\u00e9 la&#8230;<\/p>\n","protected":false},"author":1,"featured_media":2762,"comment_status":"closed","ping_status":"open","sticky":false,"template":"","format":"standard","meta":{"footnotes":""},"categories":[42],"tags":[],"class_list":["post-2761","post","type-post","status-publish","format-standard","has-post-thumbnail","hentry","category-testimonios"],"_links":{"self":[{"href":"https:\/\/fuerteyfeliz.cl\/web\/wp-json\/wp\/v2\/posts\/2761","targetHints":{"allow":["GET"]}}],"collection":[{"href":"https:\/\/fuerteyfeliz.cl\/web\/wp-json\/wp\/v2\/posts"}],"about":[{"href":"https:\/\/fuerteyfeliz.cl\/web\/wp-json\/wp\/v2\/types\/post"}],"author":[{"embeddable":true,"href":"https:\/\/fuerteyfeliz.cl\/web\/wp-json\/wp\/v2\/users\/1"}],"replies":[{"embeddable":true,"href":"https:\/\/fuerteyfeliz.cl\/web\/wp-json\/wp\/v2\/comments?post=2761"}],"version-history":[{"count":4,"href":"https:\/\/fuerteyfeliz.cl\/web\/wp-json\/wp\/v2\/posts\/2761\/revisions"}],"predecessor-version":[{"id":2769,"href":"https:\/\/fuerteyfeliz.cl\/web\/wp-json\/wp\/v2\/posts\/2761\/revisions\/2769"}],"wp:featuredmedia":[{"embeddable":true,"href":"https:\/\/fuerteyfeliz.cl\/web\/wp-json\/wp\/v2\/media\/2762"}],"wp:attachment":[{"href":"https:\/\/fuerteyfeliz.cl\/web\/wp-json\/wp\/v2\/media?parent=2761"}],"wp:term":[{"taxonomy":"category","embeddable":true,"href":"https:\/\/fuerteyfeliz.cl\/web\/wp-json\/wp\/v2\/categories?post=2761"},{"taxonomy":"post_tag","embeddable":true,"href":"https:\/\/fuerteyfeliz.cl\/web\/wp-json\/wp\/v2\/tags?post=2761"}],"curies":[{"name":"wp","href":"https:\/\/api.w.org\/{rel}","templated":true}]}}