{"id":2775,"date":"2026-03-14T10:21:00","date_gmt":"2026-03-14T13:21:00","guid":{"rendered":"https:\/\/fuerteyfeliz.cl\/web\/?p=2775"},"modified":"2026-03-14T10:46:07","modified_gmt":"2026-03-14T13:46:07","slug":"que-esta-necesitando-tu-piel","status":"publish","type":"post","link":"https:\/\/fuerteyfeliz.cl\/web\/2026\/03\/14\/que-esta-necesitando-tu-piel\/","title":{"rendered":"\u00bfQu\u00e9 est\u00e1 necesitando tu piel?"},"content":{"rendered":"\n<p>\u2728&nbsp;Elige tu s\u00e9rum o crema seg\u00fan lo que tu piel necesita HOY:<\/p>\n\n\n\n<br\/>\n\n\n\n<p>\ud83d\udc9b&nbsp;\u00bfSientes tu piel seca, sensible o irritada?<\/p>\n\n\n\n<p>\ud83d\udc49&nbsp;Crema&nbsp;&nbsp;con Ceramidas (lumine Spray)<\/p>\n\n\n\n<p>Fortalece la barrera natural de tu piel, evita que pierda agua y la protege del fr\u00edo, calor y contaminaci\u00f3n.<\/p>\n\n\n\n<p>Es el que repara, calma y equilibra.<\/p>\n\n\n\n<p>Sin una barrera sana\u2026 nada funciona bien.<\/p>\n\n\n\n<br\/>\n\n\n\n<p>\ud83c\udf4a&nbsp;\u00bfLa ves apagada o con manchitas?<\/p>\n\n\n\n<p>\ud83d\udc49&nbsp;Serum de Vitamina C + Resveratrol<\/p>\n\n\n\n<p>Ilumina, unifica el tono y protege del envejecimiento causado por el sol y el estr\u00e9s.<\/p>\n\n\n\n<p>M\u00e1s luz. M\u00e1s glow.<\/p>\n\n\n\n<br\/>\n\n\n\n<p>\ud83d\udca6&nbsp;\u00bfNotas l\u00edneas finas por deshidrataci\u00f3n?<\/p>\n\n\n\n<p>\ud83d\udc49&nbsp;Serum \u00c1cido hialur\u00f3nico de distintos pesos moleculares<\/p>\n\n\n\n<p>Hidrata en varias capas.<\/p>\n\n\n\n<p>Piel m\u00e1s rellena, fresca y jugosa.<\/p>\n\n\n\n<br\/>\n\n\n\n<p>\ud83e\uddec&nbsp;\u00bfLa sientes menos firme o cansada?<\/p>\n\n\n\n<p>\ud83d\udc49&nbsp;Serum Molecular (Wanderage + Vitasource)<\/p>\n\n\n\n<p>Estimula vitalidad y ayuda a mejorar la firmeza.<\/p>\n\n\n\n<p>Piel con aspecto m\u00e1s descansado y saludable.<\/p>\n\n\n\n<br\/>\n\n\n\n<p>\ud83c\udf19&nbsp;\u00bfQuieres trabajar arrugas y manchas m\u00e1s profundas?<\/p>\n\n\n\n<p>\ud83d\udc49Serum de Retinol + Melavoid<\/p>\n\n\n\n<p>El retinol ayuda a renovar la piel y estimular col\u00e1geno.<\/p>\n\n\n\n<p>Melavoid apoya la disminuci\u00f3n de manchas.<\/p>\n\n\n\n<p>Renueva, corrige y mejora textura.<\/p>\n\n\n\n<br\/>\n\n\n\n<p>\ud83c\udf0c&nbsp;\u00bfTu piel se ve estresada o sin energ\u00eda?<\/p>\n\n\n\n<p>\ud83d\udc49&nbsp;\u00d3leo de Melatonina + Extracto de tomate<\/p>\n\n\n\n<p>Poder antioxidante nocturno.<\/p>\n\n\n\n<p>Ayuda a combatir el da\u00f1o diario mientras duermes.<\/p>\n\n\n\n<p>Despiertas con piel m\u00e1s luminosa y descansada.<\/p>\n\n\n\n<br\/>\n\n\n\n<p>\ud83e\udd0d&nbsp;\u00bfTu piel es muy seca o \u00e1spera?<\/p>\n\n\n\n<p>\ud83d\udc49&nbsp;Crema hidratante y humectante d\u00eda con Urea + \u00c1cido Hialur\u00f3nico<\/p>\n\n\n\n<p>La urea suaviza y mejora la textura.<\/p>\n\n\n\n<p>El \u00e1cido hialur\u00f3nico hidrata profundamente.<\/p>\n\n\n\n<p>Perfecta para piel muy seca o con descamaci\u00f3n.<\/p>\n\n\n\n<br\/>\n\n\n\n<p>\u2728&nbsp;\u00bfQuieres hidrataci\u00f3n + firmeza en un solo paso?<\/p>\n\n\n\n<p>\ud83d\udc49&nbsp;Crema piel madura con Wanderage + Vitasource + \u00c1cido Hialur\u00f3nico<\/p>\n\n\n\n<p>Hidrata, mejora elasticidad y ayuda a que la piel se vea m\u00e1s firme y saludable.<\/p>\n\n\n\n<p>Ideal como crema de tratamiento diario.<\/p>\n\n\n\n<br\/>\n\n\n\n<p class=\"has-text-align-right\"><a href=\"https:\/\/www.instagram.com\/trinidad_marchant_cosmetica\/\">Trinidad Marchant Cosm\u00e9tica<\/a><\/p>\n\n\n\n<p><\/p>\n\n\n\n<!DOCTYPE html>\n<html lang=\"es\">\n<head>\n    <meta charset=\"UTF-8\">\n    <meta name=\"viewport\" content=\"width=device-width, initial-scale=1.0\">\n    <title>Compartir en WhatsApp y Facebook<\/title>\n    <!-- Metaetiquetas Open Graph -->\n    <meta property=\"og:title\" content=\"A\u00e7a\u00ed de Brasil, una historia de amor y compromiso\">\n    <meta property=\"og:description\" content=\"Llegaron desde Brasil para quedarse y volverse parte del patrimonio gastron\u00f3mico de nuestra zona\">\n    <meta property=\"og:image\" content=\"https:\/\/fuerteyfeliz.cl\/web\/wp-content\/uploads\/2024\/09\/AcaideBrasil-e1728643884816.jpg\">\n    <meta property=\"og:url\" content=\"https:\/\/fuerteyfeliz.cl\/web\/2024\/09\/17\/acai-una-historia-de-amor-y-compromiso\/\">\n    <meta property=\"og:type\" content=\"article\">\n    <meta property=\"og:site_name\" content=\"Fuerte y Feliz\">\n    <style>\n        \/* Estilo compartido para ambos botones *\/\n        .share-button {\n            padding: 10px 20px;\n            color: white;\n            border: none;\n            cursor: pointer;\n            font-size: 16px;\n            border-radius: 5px;\n            text-decoration: none;\n            display: inline-block;\n            margin: 5px;\n        }\n\n        \/* Color espec\u00edfico para WhatsApp *\/\n        .whatsapp-button {\n            background-color: #25D366;\n        }\n\n        .whatsapp-button:hover {\n            background-color: #1EBE5A;\n        }\n\n        \/* Color espec\u00edfico para Facebook *\/\n        .facebook-button {\n            background-color: #4267B2;\n        }\n\n        .facebook-button:hover {\n            background-color: #365899;\n        }\n    <\/style>\n<\/head>\n<body>\n\n    <!-- Bot\u00f3n de compartir en WhatsApp -->\n    <a class=\"share-button whatsapp-button\" href=\"#\" target=\"_blank\" rel=\"noopener\">Compartir en WhatsApp<\/a>\n\n    <!-- Bot\u00f3n de compartir en Facebook -->\n    <a class=\"share-button facebook-button\" href=\"#\" id=\"facebookShareButton\">Compartir en Facebook<\/a>\n\n    <script>\n        \/\/ Modificar el enlace de WhatsApp din\u00e1micamente con la URL actual\n        const currentUrl = window.location.href;\n        const whatsappButton = document.querySelector('.whatsapp-button');\n        whatsappButton.href = `https:\/\/wa.me\/?text=Visita%20esta%20p\u00e1gina:%20${encodeURIComponent(currentUrl)}`;\n\n        \/\/ Funci\u00f3n para compartir en Facebook\n        document.getElementById('facebookShareButton').addEventListener('click', function() {\n            const facebookUrl = `https:\/\/www.facebook.com\/sharer\/sharer.php?u=${encodeURIComponent(currentUrl)}`;\n            window.open(facebookUrl, '_blank', 'width=450,height=300');\n        });\n    <\/script>\n\n<\/body>\n<\/html>\n","protected":false},"excerpt":{"rendered":"<p>\u2728&nbsp;Elige tu s\u00e9rum o crema seg\u00fan lo que tu piel necesita HOY: \ud83d\udc9b&nbsp;\u00bfSientes tu piel seca, sensible o irritada? \ud83d\udc49&nbsp;Crema&nbsp;&nbsp;con Ceramidas (lumine Spray) Fortalece la barrera natural de tu piel, evita que pierda agua y la protege del fr\u00edo, calor y contaminaci\u00f3n. Es el que repara, calma y equilibra. Sin una barrera sana\u2026 nada funciona&#8230;<\/p>\n","protected":false},"author":1,"featured_media":2776,"comment_status":"closed","ping_status":"open","sticky":false,"template":"","format":"standard","meta":{"footnotes":""},"categories":[8,37],"tags":[],"class_list":["post-2775","post","type-post","status-publish","format-standard","has-post-thumbnail","hentry","category-ciencia-deportes","category-trinidad-marchant-cosmetica"],"_links":{"self":[{"href":"https:\/\/fuerteyfeliz.cl\/web\/wp-json\/wp\/v2\/posts\/2775","targetHints":{"allow":["GET"]}}],"collection":[{"href":"https:\/\/fuerteyfeliz.cl\/web\/wp-json\/wp\/v2\/posts"}],"about":[{"href":"https:\/\/fuerteyfeliz.cl\/web\/wp-json\/wp\/v2\/types\/post"}],"author":[{"embeddable":true,"href":"https:\/\/fuerteyfeliz.cl\/web\/wp-json\/wp\/v2\/users\/1"}],"replies":[{"embeddable":true,"href":"https:\/\/fuerteyfeliz.cl\/web\/wp-json\/wp\/v2\/comments?post=2775"}],"version-history":[{"count":14,"href":"https:\/\/fuerteyfeliz.cl\/web\/wp-json\/wp\/v2\/posts\/2775\/revisions"}],"predecessor-version":[{"id":2790,"href":"https:\/\/fuerteyfeliz.cl\/web\/wp-json\/wp\/v2\/posts\/2775\/revisions\/2790"}],"wp:featuredmedia":[{"embeddable":true,"href":"https:\/\/fuerteyfeliz.cl\/web\/wp-json\/wp\/v2\/media\/2776"}],"wp:attachment":[{"href":"https:\/\/fuerteyfeliz.cl\/web\/wp-json\/wp\/v2\/media?parent=2775"}],"wp:term":[{"taxonomy":"category","embeddable":true,"href":"https:\/\/fuerteyfeliz.cl\/web\/wp-json\/wp\/v2\/categories?post=2775"},{"taxonomy":"post_tag","embeddable":true,"href":"https:\/\/fuerteyfeliz.cl\/web\/wp-json\/wp\/v2\/tags?post=2775"}],"curies":[{"name":"wp","href":"https:\/\/api.w.org\/{rel}","templated":true}]}}