{"id":2799,"date":"2026-03-15T14:04:04","date_gmt":"2026-03-15T17:04:04","guid":{"rendered":"https:\/\/fuerteyfeliz.cl\/web\/?p=2799"},"modified":"2026-03-15T14:04:04","modified_gmt":"2026-03-15T17:04:04","slug":"concurso-literario-para-mujeres-de-la-v-region","status":"publish","type":"post","link":"https:\/\/fuerteyfeliz.cl\/web\/2026\/03\/15\/concurso-literario-para-mujeres-de-la-v-region\/","title":{"rendered":"Concurso literario para mujeres de la V regi\u00f3n"},"content":{"rendered":"\n<p><strong>Organizado por MQLM<\/strong><\/p>\n\n\n\n<p>La agrupaci\u00f3n cultural Mujeres que Leen Mujeres invita a participar en un concurso literario a las mujeres y ni\u00f1as de las provincias que conforman la V Regi\u00f3n Interior: de Marga Marga, de Quillota, de Los Andes y de San Felipe.<\/p>\n\n\n\n<p>Existen dos categor\u00edas. Nuevas letras: participantes entre 8 y 18 a\u00f1os; y Puro cuento: participantes entre 19 y 100 a\u00f1os. Se premiar\u00e1 al primer lugar de ambas categor\u00edas.<\/p>\n\n\n\n<p>El plazo de cierre inicial era el 08 de marzo, el cual se extendi\u00f3 hasta el 30 de abril. <\/p>\n\n\n\n<p>Abajo se encuentran las bases, y cualquier consulta debes hacerla al correo oficial de la agrupaci\u00f3n: mujeresqueleenmujeres@gmail.com<\/p>\n\n\n\n<div data-wp-interactive=\"core\/file\" class=\"wp-block-file\"><object data-wp-bind--hidden=\"!state.hasPdfPreview\" hidden class=\"wp-block-file__embed\" data=\"https:\/\/fuerteyfeliz.cl\/web\/wp-content\/uploads\/2026\/03\/Concurso-literario-Rina-Napoli_-MQLM-2026.pdf\" type=\"application\/pdf\" style=\"width:100%;height:600px\" aria-label=\"Incrustado de Concurso literario Rina N\u00e1poli_ MQLM 2026.\"><\/object><a id=\"wp-block-file--media-d5205fba-fb2f-4770-8aeb-f03f11a9204d\" href=\"https:\/\/fuerteyfeliz.cl\/web\/wp-content\/uploads\/2026\/03\/Concurso-literario-Rina-Napoli_-MQLM-2026.pdf\">Concurso literario Rina N\u00e1poli_ MQLM 2026<\/a><a href=\"https:\/\/fuerteyfeliz.cl\/web\/wp-content\/uploads\/2026\/03\/Concurso-literario-Rina-Napoli_-MQLM-2026.pdf\" class=\"wp-block-file__button wp-element-button\" download aria-describedby=\"wp-block-file--media-d5205fba-fb2f-4770-8aeb-f03f11a9204d\">Descarga<\/a><\/div>\n\n\n\n<!DOCTYPE html>\n<html lang=\"es\">\n<head>\n    <meta charset=\"UTF-8\">\n    <meta name=\"viewport\" content=\"width=device-width, initial-scale=1.0\">\n    <title>Compartir en WhatsApp y Facebook<\/title>\n    <!-- Metaetiquetas Open Graph -->\n    <meta property=\"og:title\" content=\"A\u00e7a\u00ed de Brasil, una historia de amor y compromiso\">\n    <meta property=\"og:description\" content=\"Llegaron desde Brasil para quedarse y volverse parte del patrimonio gastron\u00f3mico de nuestra zona\">\n    <meta property=\"og:image\" content=\"https:\/\/fuerteyfeliz.cl\/web\/wp-content\/uploads\/2024\/09\/AcaideBrasil-e1728643884816.jpg\">\n    <meta property=\"og:url\" content=\"https:\/\/fuerteyfeliz.cl\/web\/2024\/09\/17\/acai-una-historia-de-amor-y-compromiso\/\">\n    <meta property=\"og:type\" content=\"article\">\n    <meta property=\"og:site_name\" content=\"Fuerte y Feliz\">\n    <style>\n        \/* Estilo compartido para ambos botones *\/\n        .share-button {\n            padding: 10px 20px;\n            color: white;\n            border: none;\n            cursor: pointer;\n            font-size: 16px;\n            border-radius: 5px;\n            text-decoration: none;\n            display: inline-block;\n            margin: 5px;\n        }\n\n        \/* Color espec\u00edfico para WhatsApp *\/\n        .whatsapp-button {\n            background-color: #25D366;\n        }\n\n        .whatsapp-button:hover {\n            background-color: #1EBE5A;\n        }\n\n        \/* Color espec\u00edfico para Facebook *\/\n        .facebook-button {\n            background-color: #4267B2;\n        }\n\n        .facebook-button:hover {\n            background-color: #365899;\n        }\n    <\/style>\n<\/head>\n<body>\n\n    <!-- Bot\u00f3n de compartir en WhatsApp -->\n    <a class=\"share-button whatsapp-button\" href=\"#\" target=\"_blank\" rel=\"noopener\">Compartir en WhatsApp<\/a>\n\n    <!-- Bot\u00f3n de compartir en Facebook -->\n    <a class=\"share-button facebook-button\" href=\"#\" id=\"facebookShareButton\">Compartir en Facebook<\/a>\n\n    <script>\n        \/\/ Modificar el enlace de WhatsApp din\u00e1micamente con la URL actual\n        const currentUrl = window.location.href;\n        const whatsappButton = document.querySelector('.whatsapp-button');\n        whatsappButton.href = `https:\/\/wa.me\/?text=Visita%20esta%20p\u00e1gina:%20${encodeURIComponent(currentUrl)}`;\n\n        \/\/ Funci\u00f3n para compartir en Facebook\n        document.getElementById('facebookShareButton').addEventListener('click', function() {\n            const facebookUrl = `https:\/\/www.facebook.com\/sharer\/sharer.php?u=${encodeURIComponent(currentUrl)}`;\n            window.open(facebookUrl, '_blank', 'width=450,height=300');\n        });\n    <\/script>\n\n<\/body>\n<\/html>\n","protected":false},"excerpt":{"rendered":"<p>Organizado por MQLM La agrupaci\u00f3n cultural Mujeres que Leen Mujeres invita a participar en un concurso literario a las mujeres y ni\u00f1as de las provincias que conforman la V Regi\u00f3n Interior: de Marga Marga, de Quillota, de Los Andes y de San Felipe. Existen dos categor\u00edas. Nuevas letras: participantes entre 8 y 18 a\u00f1os; y&#8230;<\/p>\n","protected":false},"author":1,"featured_media":2801,"comment_status":"closed","ping_status":"open","sticky":false,"template":"","format":"standard","meta":{"footnotes":""},"categories":[6,35],"tags":[],"class_list":["post-2799","post","type-post","status-publish","format-standard","has-post-thumbnail","hentry","category-letras-arte","category-pagina-literaria"],"_links":{"self":[{"href":"https:\/\/fuerteyfeliz.cl\/web\/wp-json\/wp\/v2\/posts\/2799","targetHints":{"allow":["GET"]}}],"collection":[{"href":"https:\/\/fuerteyfeliz.cl\/web\/wp-json\/wp\/v2\/posts"}],"about":[{"href":"https:\/\/fuerteyfeliz.cl\/web\/wp-json\/wp\/v2\/types\/post"}],"author":[{"embeddable":true,"href":"https:\/\/fuerteyfeliz.cl\/web\/wp-json\/wp\/v2\/users\/1"}],"replies":[{"embeddable":true,"href":"https:\/\/fuerteyfeliz.cl\/web\/wp-json\/wp\/v2\/comments?post=2799"}],"version-history":[{"count":1,"href":"https:\/\/fuerteyfeliz.cl\/web\/wp-json\/wp\/v2\/posts\/2799\/revisions"}],"predecessor-version":[{"id":2802,"href":"https:\/\/fuerteyfeliz.cl\/web\/wp-json\/wp\/v2\/posts\/2799\/revisions\/2802"}],"wp:featuredmedia":[{"embeddable":true,"href":"https:\/\/fuerteyfeliz.cl\/web\/wp-json\/wp\/v2\/media\/2801"}],"wp:attachment":[{"href":"https:\/\/fuerteyfeliz.cl\/web\/wp-json\/wp\/v2\/media?parent=2799"}],"wp:term":[{"taxonomy":"category","embeddable":true,"href":"https:\/\/fuerteyfeliz.cl\/web\/wp-json\/wp\/v2\/categories?post=2799"},{"taxonomy":"post_tag","embeddable":true,"href":"https:\/\/fuerteyfeliz.cl\/web\/wp-json\/wp\/v2\/tags?post=2799"}],"curies":[{"name":"wp","href":"https:\/\/api.w.org\/{rel}","templated":true}]}}