{"id":3031,"date":"2026-04-26T20:54:02","date_gmt":"2026-04-26T23:54:02","guid":{"rendered":"https:\/\/fuerteyfeliz.cl\/web\/?p=3031"},"modified":"2026-04-26T20:54:02","modified_gmt":"2026-04-26T23:54:02","slug":"el-extranjero-de-albert-camus","status":"publish","type":"post","link":"https:\/\/fuerteyfeliz.cl\/web\/2026\/04\/26\/el-extranjero-de-albert-camus\/","title":{"rendered":"El Extranjero de Albert Camus"},"content":{"rendered":"\n<p>Novela ic\u00f3nica del siglo pasado escrita antes de La Segunda Guerra Mundial. Albert Camus nos da cuenta de la existencia de un hombre prisionero de su destino. La novela comienza con el viaje de Maurlaut al asilo donde est\u00e1 siendo velada su madre. Desde el comienzo el personaje describe su mundo interior y el clima, digamos sofocante del norte de \u00c1frica, que por una parte lo atrae y por otra lo agobia. Ese calor, el brillo del sol en el arma blanca de su v\u00edctima ser\u00e1n los detonantes que provocar\u00e1n el punto de inflexi\u00f3n en la novela. Maurlaut es un tipo sensual, pero no sentimental ni reflexivo, un hombre que nada lo conmueve de verdad, ni sus conocidos, ni la muerte de su madre, ni el amor de su pareja. Lo que el destino le propone \u00e9l lo acepta sin cuestionamientos. Algunos han dicho que el extranjero es un tipo con el s\u00edndrome del espectro autista, o con rasgos de personalidad esquizoide. Tambi\u00e9n se infiere de la narraci\u00f3n que Maurlaut no es s\u00f3lo juzgado por su crimen, tambi\u00e9n la sociedad lo juzga por su falta de empat\u00eda y de creencias, por ser en el fondo un extra\u00f1o. En esta novela apreciamos el genio de Camus, genio que tuvo un tr\u00e1gico final. Muri\u00f3 en un accidente automovil\u00edstico a los 46 a\u00f1os junto a su editor Michel Gallimard cerca de Sens, en Le Grand Fossard.&nbsp;&nbsp;Albert Camus iba de copiloto cuando se estrellaron con un \u00e1rbol. A\u00f1os m\u00e1s tarde se publicaron hip\u00f3tesis no confirmadas de que la KGB estuvo involucrada en el accidente.&nbsp;<\/p>\n\n\n\n<p class=\"has-text-align-right\">Letras y Arte fyf<\/p>\n\n\n\n<!DOCTYPE html>\n<html lang=\"es\">\n<head>\n    <meta charset=\"UTF-8\">\n    <meta name=\"viewport\" content=\"width=device-width, initial-scale=1.0\">\n    <title>Compartir en WhatsApp y Facebook<\/title>\n    <!-- Metaetiquetas Open Graph -->\n    <meta property=\"og:title\" content=\"A\u00e7a\u00ed de Brasil, una historia de amor y compromiso\">\n    <meta property=\"og:description\" content=\"Llegaron desde Brasil para quedarse y volverse parte del patrimonio gastron\u00f3mico de nuestra zona\">\n    <meta property=\"og:image\" content=\"https:\/\/fuerteyfeliz.cl\/web\/wp-content\/uploads\/2024\/09\/AcaideBrasil-e1728643884816.jpg\">\n    <meta property=\"og:url\" content=\"https:\/\/fuerteyfeliz.cl\/web\/2024\/09\/17\/acai-una-historia-de-amor-y-compromiso\/\">\n    <meta property=\"og:type\" content=\"article\">\n    <meta property=\"og:site_name\" content=\"Fuerte y Feliz\">\n    <style>\n        \/* Estilo compartido para ambos botones *\/\n        .share-button {\n            padding: 10px 20px;\n            color: white;\n            border: none;\n            cursor: pointer;\n            font-size: 16px;\n            border-radius: 5px;\n            text-decoration: none;\n            display: inline-block;\n            margin: 5px;\n        }\n\n        \/* Color espec\u00edfico para WhatsApp *\/\n        .whatsapp-button {\n            background-color: #25D366;\n        }\n\n        .whatsapp-button:hover {\n            background-color: #1EBE5A;\n        }\n\n        \/* Color espec\u00edfico para Facebook *\/\n        .facebook-button {\n            background-color: #4267B2;\n        }\n\n        .facebook-button:hover {\n            background-color: #365899;\n        }\n    <\/style>\n<\/head>\n<body>\n\n    <!-- Bot\u00f3n de compartir en WhatsApp -->\n    <a class=\"share-button whatsapp-button\" href=\"#\" target=\"_blank\" rel=\"noopener\">Compartir en WhatsApp<\/a>\n\n    <!-- Bot\u00f3n de compartir en Facebook -->\n    <a class=\"share-button facebook-button\" href=\"#\" id=\"facebookShareButton\">Compartir en Facebook<\/a>\n\n    <script>\n        \/\/ Modificar el enlace de WhatsApp din\u00e1micamente con la URL actual\n        const currentUrl = window.location.href;\n        const whatsappButton = document.querySelector('.whatsapp-button');\n        whatsappButton.href = `https:\/\/wa.me\/?text=Visita%20esta%20p\u00e1gina:%20${encodeURIComponent(currentUrl)}`;\n\n        \/\/ Funci\u00f3n para compartir en Facebook\n        document.getElementById('facebookShareButton').addEventListener('click', function() {\n            const facebookUrl = `https:\/\/www.facebook.com\/sharer\/sharer.php?u=${encodeURIComponent(currentUrl)}`;\n            window.open(facebookUrl, '_blank', 'width=450,height=300');\n        });\n    <\/script>\n\n<\/body>\n<\/html>\n","protected":false},"excerpt":{"rendered":"<p>Novela ic\u00f3nica del siglo pasado escrita antes de La Segunda Guerra Mundial. Albert Camus nos da cuenta de la existencia de un hombre prisionero de su destino. La novela comienza con el viaje de Maurlaut al asilo donde est\u00e1 siendo velada su madre. Desde el comienzo el personaje describe su mundo interior y el clima,&#8230;<\/p>\n","protected":false},"author":1,"featured_media":3032,"comment_status":"closed","ping_status":"open","sticky":false,"template":"","format":"standard","meta":{"footnotes":""},"categories":[6],"tags":[],"class_list":["post-3031","post","type-post","status-publish","format-standard","has-post-thumbnail","hentry","category-letras-arte"],"_links":{"self":[{"href":"https:\/\/fuerteyfeliz.cl\/web\/wp-json\/wp\/v2\/posts\/3031","targetHints":{"allow":["GET"]}}],"collection":[{"href":"https:\/\/fuerteyfeliz.cl\/web\/wp-json\/wp\/v2\/posts"}],"about":[{"href":"https:\/\/fuerteyfeliz.cl\/web\/wp-json\/wp\/v2\/types\/post"}],"author":[{"embeddable":true,"href":"https:\/\/fuerteyfeliz.cl\/web\/wp-json\/wp\/v2\/users\/1"}],"replies":[{"embeddable":true,"href":"https:\/\/fuerteyfeliz.cl\/web\/wp-json\/wp\/v2\/comments?post=3031"}],"version-history":[{"count":1,"href":"https:\/\/fuerteyfeliz.cl\/web\/wp-json\/wp\/v2\/posts\/3031\/revisions"}],"predecessor-version":[{"id":3033,"href":"https:\/\/fuerteyfeliz.cl\/web\/wp-json\/wp\/v2\/posts\/3031\/revisions\/3033"}],"wp:featuredmedia":[{"embeddable":true,"href":"https:\/\/fuerteyfeliz.cl\/web\/wp-json\/wp\/v2\/media\/3032"}],"wp:attachment":[{"href":"https:\/\/fuerteyfeliz.cl\/web\/wp-json\/wp\/v2\/media?parent=3031"}],"wp:term":[{"taxonomy":"category","embeddable":true,"href":"https:\/\/fuerteyfeliz.cl\/web\/wp-json\/wp\/v2\/categories?post=3031"},{"taxonomy":"post_tag","embeddable":true,"href":"https:\/\/fuerteyfeliz.cl\/web\/wp-json\/wp\/v2\/tags?post=3031"}],"curies":[{"name":"wp","href":"https:\/\/api.w.org\/{rel}","templated":true}]}}