{"id":3035,"date":"2026-04-27T11:27:24","date_gmt":"2026-04-27T14:27:24","guid":{"rendered":"https:\/\/fuerteyfeliz.cl\/web\/?p=3035"},"modified":"2026-04-27T11:27:24","modified_gmt":"2026-04-27T14:27:24","slug":"derechos-de-autor-contradiccion-vital","status":"publish","type":"post","link":"https:\/\/fuerteyfeliz.cl\/web\/2026\/04\/27\/derechos-de-autor-contradiccion-vital\/","title":{"rendered":"Derechos de autor, contradicci\u00f3n vital"},"content":{"rendered":"\n<p>La Ley de Reconstrucci\u00f3n Nacional y el Desarrollo Econ\u00f3mico Social enviado por Jos\u00e9 Antonio Kast al Congreso contempla una incorporaci\u00f3n de una excepci\u00f3n a la ley de derechos de autor que permite a los sistemas de inteligencia artificial reproducir, adaptar y utilizar obras protegidas sin autorizaci\u00f3n ni remuneraci\u00f3n a sus creadores. Peor a\u00fan, este art\u00edculo no proviene genuinamente del gobierno de Kast, sino que es una copia casi textual de una norma que el gobierno de Boric hab\u00eda impulsado en 2024 y que fue rechazada por la C\u00e1mara de Diputados.<\/p>\n\n\n\n<p>&nbsp;&nbsp;&nbsp;&nbsp;&nbsp;&nbsp;&nbsp;&nbsp;&nbsp;&nbsp;&nbsp;&nbsp;&nbsp;&nbsp;&nbsp;&nbsp;&nbsp;&nbsp;Francamente lamentable que un gobierno que cree en la propiedad privada y valora la libertad creativa del ser humano intente pasar una norma de ley como \u00e9sta. El tesoro de los creadores y las creadoras es su derecho de autor, aunque la mayor\u00eda de las veces no sea m\u00e1s que un sue\u00f1o, sin embargo, quieren que ese sue\u00f1o siga siendo de su propiedad, y si bien est\u00e1n dispuestos a compartirlo, y muchas veces a regalarlo, pero siempre y cuando sea bajo su consentimiento como lo estipula la ley que los protege.&nbsp;<\/p>\n\n\n\n<p>&nbsp;&nbsp;&nbsp;&nbsp;&nbsp;&nbsp;&nbsp;&nbsp;&nbsp;&nbsp;&nbsp;&nbsp;&nbsp;&nbsp;&nbsp;&nbsp;&nbsp;&nbsp;Permitir que los sistemas de inteligencia artificial puedan reproducir, adaptar y utilizar las obras protegidas sin autorizaci\u00f3n ni remuneraci\u00f3n a los creadores es hacer un pacto con el diablo, y no entender de qu\u00e9 estamos hablando cuando hablamos de inteligencia artificial. En pocas palabras, la inteligencia artificial, en su aspecto m\u00e1s nefasto, para ponerlo con un eufemismo, es depredadora, es como una especie ex\u00f3gena introducida en un territorio, que al poco tiempo arrasar\u00e1 con todas las dem\u00e1s especies. Ser\u00eda imperdonable que el Congreso aprobara esta norma.<\/p>\n\n\n\n<p class=\"has-text-align-right\">Letras y Arte fyf<\/p>\n\n\n\n<!DOCTYPE html>\n<html lang=\"es\">\n<head>\n    <meta charset=\"UTF-8\">\n    <meta name=\"viewport\" content=\"width=device-width, initial-scale=1.0\">\n    <title>Compartir en WhatsApp y Facebook<\/title>\n    <!-- Metaetiquetas Open Graph -->\n    <meta property=\"og:title\" content=\"A\u00e7a\u00ed de Brasil, una historia de amor y compromiso\">\n    <meta property=\"og:description\" content=\"Llegaron desde Brasil para quedarse y volverse parte del patrimonio gastron\u00f3mico de nuestra zona\">\n    <meta property=\"og:image\" content=\"https:\/\/fuerteyfeliz.cl\/web\/wp-content\/uploads\/2024\/09\/AcaideBrasil-e1728643884816.jpg\">\n    <meta property=\"og:url\" content=\"https:\/\/fuerteyfeliz.cl\/web\/2024\/09\/17\/acai-una-historia-de-amor-y-compromiso\/\">\n    <meta property=\"og:type\" content=\"article\">\n    <meta property=\"og:site_name\" content=\"Fuerte y Feliz\">\n    <style>\n        \/* Estilo compartido para ambos botones *\/\n        .share-button {\n            padding: 10px 20px;\n            color: white;\n            border: none;\n            cursor: pointer;\n            font-size: 16px;\n            border-radius: 5px;\n            text-decoration: none;\n            display: inline-block;\n            margin: 5px;\n        }\n\n        \/* Color espec\u00edfico para WhatsApp *\/\n        .whatsapp-button {\n            background-color: #25D366;\n        }\n\n        .whatsapp-button:hover {\n            background-color: #1EBE5A;\n        }\n\n        \/* Color espec\u00edfico para Facebook *\/\n        .facebook-button {\n            background-color: #4267B2;\n        }\n\n        .facebook-button:hover {\n            background-color: #365899;\n        }\n    <\/style>\n<\/head>\n<body>\n\n    <!-- Bot\u00f3n de compartir en WhatsApp -->\n    <a class=\"share-button whatsapp-button\" href=\"#\" target=\"_blank\" rel=\"noopener\">Compartir en WhatsApp<\/a>\n\n    <!-- Bot\u00f3n de compartir en Facebook -->\n    <a class=\"share-button facebook-button\" href=\"#\" id=\"facebookShareButton\">Compartir en Facebook<\/a>\n\n    <script>\n        \/\/ Modificar el enlace de WhatsApp din\u00e1micamente con la URL actual\n        const currentUrl = window.location.href;\n        const whatsappButton = document.querySelector('.whatsapp-button');\n        whatsappButton.href = `https:\/\/wa.me\/?text=Visita%20esta%20p\u00e1gina:%20${encodeURIComponent(currentUrl)}`;\n\n        \/\/ Funci\u00f3n para compartir en Facebook\n        document.getElementById('facebookShareButton').addEventListener('click', function() {\n            const facebookUrl = `https:\/\/www.facebook.com\/sharer\/sharer.php?u=${encodeURIComponent(currentUrl)}`;\n            window.open(facebookUrl, '_blank', 'width=450,height=300');\n        });\n    <\/script>\n\n<\/body>\n<\/html>\n","protected":false},"excerpt":{"rendered":"<p>La Ley de Reconstrucci\u00f3n Nacional y el Desarrollo Econ\u00f3mico Social enviado por Jos\u00e9 Antonio Kast al Congreso contempla una incorporaci\u00f3n de una excepci\u00f3n a la ley de derechos de autor que permite a los sistemas de inteligencia artificial reproducir, adaptar y utilizar obras protegidas sin autorizaci\u00f3n ni remuneraci\u00f3n a sus creadores. Peor a\u00fan, este art\u00edculo&#8230;<\/p>\n","protected":false},"author":1,"featured_media":3036,"comment_status":"closed","ping_status":"open","sticky":false,"template":"","format":"standard","meta":{"footnotes":""},"categories":[6],"tags":[],"class_list":["post-3035","post","type-post","status-publish","format-standard","has-post-thumbnail","hentry","category-letras-arte"],"_links":{"self":[{"href":"https:\/\/fuerteyfeliz.cl\/web\/wp-json\/wp\/v2\/posts\/3035","targetHints":{"allow":["GET"]}}],"collection":[{"href":"https:\/\/fuerteyfeliz.cl\/web\/wp-json\/wp\/v2\/posts"}],"about":[{"href":"https:\/\/fuerteyfeliz.cl\/web\/wp-json\/wp\/v2\/types\/post"}],"author":[{"embeddable":true,"href":"https:\/\/fuerteyfeliz.cl\/web\/wp-json\/wp\/v2\/users\/1"}],"replies":[{"embeddable":true,"href":"https:\/\/fuerteyfeliz.cl\/web\/wp-json\/wp\/v2\/comments?post=3035"}],"version-history":[{"count":1,"href":"https:\/\/fuerteyfeliz.cl\/web\/wp-json\/wp\/v2\/posts\/3035\/revisions"}],"predecessor-version":[{"id":3037,"href":"https:\/\/fuerteyfeliz.cl\/web\/wp-json\/wp\/v2\/posts\/3035\/revisions\/3037"}],"wp:featuredmedia":[{"embeddable":true,"href":"https:\/\/fuerteyfeliz.cl\/web\/wp-json\/wp\/v2\/media\/3036"}],"wp:attachment":[{"href":"https:\/\/fuerteyfeliz.cl\/web\/wp-json\/wp\/v2\/media?parent=3035"}],"wp:term":[{"taxonomy":"category","embeddable":true,"href":"https:\/\/fuerteyfeliz.cl\/web\/wp-json\/wp\/v2\/categories?post=3035"},{"taxonomy":"post_tag","embeddable":true,"href":"https:\/\/fuerteyfeliz.cl\/web\/wp-json\/wp\/v2\/tags?post=3035"}],"curies":[{"name":"wp","href":"https:\/\/api.w.org\/{rel}","templated":true}]}}