{"id":3039,"date":"2026-04-28T04:04:18","date_gmt":"2026-04-28T07:04:18","guid":{"rendered":"https:\/\/fuerteyfeliz.cl\/web\/?p=3039"},"modified":"2026-04-28T04:04:18","modified_gmt":"2026-04-28T07:04:18","slug":"el-uni-uni-en-busca-de-sentido","status":"publish","type":"post","link":"https:\/\/fuerteyfeliz.cl\/web\/2026\/04\/28\/el-uni-uni-en-busca-de-sentido\/","title":{"rendered":"El Un\u00ed Un\u00ed en busca de sentido"},"content":{"rendered":"\n<p>La presencia del \u00faltimo partido de Uni\u00f3n San Felipe, el s\u00e1bado reci\u00e9n pasado, frente a Magallanes, y que termin\u00f3 en derrota para el once aconcag\u00fcino, cabe preguntarse hacia a d\u00f3nde apunta el juego de los albirrojos. Pues ya transcurridas ocho fechas, parece ser, que no se tiene un prop\u00f3sito claro. Tanto a corto plazo; esto referido al juego desplegado durante el partido, c\u00f3mo tambi\u00e9n al largo plazo, que en concreto es, \u00bfpara qu\u00e9 estamos en esta campa\u00f1a 2026: para pelear por el campeonato? (por lo visto hasta aqu\u00ed, parece que no). O bien se pretende pelear un cupo en la post temporada (fr\u00edo, fr\u00edo). O decididamente luchar por la permanencia en la categor\u00eda (tibio, tibio).<\/p>\n\n\n\n<p>Lo claro que el juego del s\u00e1bado \u00faltimo no deja mucho espacio a la esperanza.<\/p>\n\n\n\n<p>Si analizamos la opci\u00f3n del corto plazo. El partido frente al \u00abmanojitos de claveles\u00bb, parece indicar que los campeones de 1971, no tienen ganas, ni intenciones de ir por algo m\u00e1s que defender la categor\u00eda.<\/p>\n\n\n\n<p>Lo exhibido en el c\u00e9sped del Municipal, fue precario, sin elaboraci\u00f3n de f\u00fatbol en el medio campo, carente de din\u00e1micas e ideas, era muy poco lo que se pod\u00eda esperar en cuanto a resultado.<\/p>\n\n\n\n<p>Mario Benedetti se\u00f1ala en sus versos: \u00abno congeles el j\u00fabilo&#8230; no quieras con desgana\u00bb, y esa era la t\u00f3nica en la propuesta uniunista. Pues antes del 1 a 0, que lleg\u00f3 en el minuto 27, los carabeleros ya hab\u00edan anunciado que ven\u00edan por algo m\u00e1s que un empate. El gol de Farf\u00e1n, para el forastero, s\u00f3lo vino a poner justicia en el marcador con el que concluy\u00f3 la primera fracci\u00f3n.<\/p>\n\n\n\n<p>Mientras en las huestes sanfelipe\u00f1as, el j\u00fabilo y las ganas parec\u00edan estar congeladas.<\/p>\n\n\n\n<p>Qu\u00e9 decir del segundo tiempo, donde se supon\u00eda los del Aconcagua ir\u00edan por el partido. Pero, no ocurri\u00f3 aquello. Tal vez una frase de A. Saint Exup\u00e9ry pueda aclarar lo que ocurri\u00f3: \u00abuna meta sin un plan es s\u00f3lo un deseo\u00bb<\/p>\n\n\n\n<p>Y eso fue el complemento \u00abuna meta sin plan\u00bb, porque lanzar pelotazos hacia adelante, para que los de arriba se las arreglen, no parece una estrategia muy elaborada. As\u00ed y todo Uni\u00f3n San Felipe tuvo alguna ocasi\u00f3n de gol que fue conjurada por el portero Mu\u00f1oz o prim\u00f3 la ineficacia de los arietes locales.<\/p>\n\n\n\n<p>La afirmaci\u00f3n de Moshe Feldelkrains , \u00abcuando s\u00e9 lo que hago puedo hacer lo que quiero\u00bb, ser\u00eda un gran incentivo para el cuerpo t\u00e9cnico y plantel del Un\u00ed Un\u00ed.&nbsp;<\/p>\n\n\n\n<p>Saber a qu\u00e9 entran a la cancha, y c\u00f3mo desarrollar y ejecutar la planificaci\u00f3n semanal, podr\u00edan lograr mejores resultados, o, por lo menos, mejores presentaciones que la de la \u00faltima fecha.<\/p>\n\n\n\n<p class=\"has-text-align-right\">Ofiuco<\/p>\n\n\n\n<p class=\"has-small-font-size\">Fuente imagen: primerabchile.cl<\/p>\n\n\n\n<!DOCTYPE html>\n<html lang=\"es\">\n<head>\n    <meta charset=\"UTF-8\">\n    <meta name=\"viewport\" content=\"width=device-width, initial-scale=1.0\">\n    <title>Compartir en WhatsApp y Facebook<\/title>\n    <!-- Metaetiquetas Open Graph -->\n    <meta property=\"og:title\" content=\"A\u00e7a\u00ed de Brasil, una historia de amor y compromiso\">\n    <meta property=\"og:description\" content=\"Llegaron desde Brasil para quedarse y volverse parte del patrimonio gastron\u00f3mico de nuestra zona\">\n    <meta property=\"og:image\" content=\"https:\/\/fuerteyfeliz.cl\/web\/wp-content\/uploads\/2024\/09\/AcaideBrasil-e1728643884816.jpg\">\n    <meta property=\"og:url\" content=\"https:\/\/fuerteyfeliz.cl\/web\/2024\/09\/17\/acai-una-historia-de-amor-y-compromiso\/\">\n    <meta property=\"og:type\" content=\"article\">\n    <meta property=\"og:site_name\" content=\"Fuerte y Feliz\">\n    <style>\n        \/* Estilo compartido para ambos botones *\/\n        .share-button {\n            padding: 10px 20px;\n            color: white;\n            border: none;\n            cursor: pointer;\n            font-size: 16px;\n            border-radius: 5px;\n            text-decoration: none;\n            display: inline-block;\n            margin: 5px;\n        }\n\n        \/* Color espec\u00edfico para WhatsApp *\/\n        .whatsapp-button {\n            background-color: #25D366;\n        }\n\n        .whatsapp-button:hover {\n            background-color: #1EBE5A;\n        }\n\n        \/* Color espec\u00edfico para Facebook *\/\n        .facebook-button {\n            background-color: #4267B2;\n        }\n\n        .facebook-button:hover {\n            background-color: #365899;\n        }\n    <\/style>\n<\/head>\n<body>\n\n    <!-- Bot\u00f3n de compartir en WhatsApp -->\n    <a class=\"share-button whatsapp-button\" href=\"#\" target=\"_blank\" rel=\"noopener\">Compartir en WhatsApp<\/a>\n\n    <!-- Bot\u00f3n de compartir en Facebook -->\n    <a class=\"share-button facebook-button\" href=\"#\" id=\"facebookShareButton\">Compartir en Facebook<\/a>\n\n    <script>\n        \/\/ Modificar el enlace de WhatsApp din\u00e1micamente con la URL actual\n        const currentUrl = window.location.href;\n        const whatsappButton = document.querySelector('.whatsapp-button');\n        whatsappButton.href = `https:\/\/wa.me\/?text=Visita%20esta%20p\u00e1gina:%20${encodeURIComponent(currentUrl)}`;\n\n        \/\/ Funci\u00f3n para compartir en Facebook\n        document.getElementById('facebookShareButton').addEventListener('click', function() {\n            const facebookUrl = `https:\/\/www.facebook.com\/sharer\/sharer.php?u=${encodeURIComponent(currentUrl)}`;\n            window.open(facebookUrl, '_blank', 'width=450,height=300');\n        });\n    <\/script>\n\n<\/body>\n<\/html>\n","protected":false},"excerpt":{"rendered":"<p>La presencia del \u00faltimo partido de Uni\u00f3n San Felipe, el s\u00e1bado reci\u00e9n pasado, frente a Magallanes, y que termin\u00f3 en derrota para el once aconcag\u00fcino, cabe preguntarse hacia a d\u00f3nde apunta el juego de los albirrojos. Pues ya transcurridas ocho fechas, parece ser, que no se tiene un prop\u00f3sito claro. Tanto a corto plazo; esto&#8230;<\/p>\n","protected":false},"author":1,"featured_media":3040,"comment_status":"closed","ping_status":"open","sticky":false,"template":"","format":"standard","meta":{"footnotes":""},"categories":[8,33],"tags":[],"class_list":["post-3039","post","type-post","status-publish","format-standard","has-post-thumbnail","hentry","category-ciencia-deportes","category-ofiuco-ciencia-deportes"],"_links":{"self":[{"href":"https:\/\/fuerteyfeliz.cl\/web\/wp-json\/wp\/v2\/posts\/3039","targetHints":{"allow":["GET"]}}],"collection":[{"href":"https:\/\/fuerteyfeliz.cl\/web\/wp-json\/wp\/v2\/posts"}],"about":[{"href":"https:\/\/fuerteyfeliz.cl\/web\/wp-json\/wp\/v2\/types\/post"}],"author":[{"embeddable":true,"href":"https:\/\/fuerteyfeliz.cl\/web\/wp-json\/wp\/v2\/users\/1"}],"replies":[{"embeddable":true,"href":"https:\/\/fuerteyfeliz.cl\/web\/wp-json\/wp\/v2\/comments?post=3039"}],"version-history":[{"count":1,"href":"https:\/\/fuerteyfeliz.cl\/web\/wp-json\/wp\/v2\/posts\/3039\/revisions"}],"predecessor-version":[{"id":3041,"href":"https:\/\/fuerteyfeliz.cl\/web\/wp-json\/wp\/v2\/posts\/3039\/revisions\/3041"}],"wp:featuredmedia":[{"embeddable":true,"href":"https:\/\/fuerteyfeliz.cl\/web\/wp-json\/wp\/v2\/media\/3040"}],"wp:attachment":[{"href":"https:\/\/fuerteyfeliz.cl\/web\/wp-json\/wp\/v2\/media?parent=3039"}],"wp:term":[{"taxonomy":"category","embeddable":true,"href":"https:\/\/fuerteyfeliz.cl\/web\/wp-json\/wp\/v2\/categories?post=3039"},{"taxonomy":"post_tag","embeddable":true,"href":"https:\/\/fuerteyfeliz.cl\/web\/wp-json\/wp\/v2\/tags?post=3039"}],"curies":[{"name":"wp","href":"https:\/\/api.w.org\/{rel}","templated":true}]}}