{"id":3658,"date":"2026-08-30T01:44:48","date_gmt":"2026-08-30T04:44:48","guid":{"rendered":"https:\/\/fuerteyfeliz.cl\/web\/?p=3658"},"modified":"2026-08-30T01:44:48","modified_gmt":"2026-08-30T04:44:48","slug":"y-nada-mas","status":"publish","type":"post","link":"https:\/\/fuerteyfeliz.cl\/web\/2026\/08\/30\/y-nada-mas\/","title":{"rendered":"Y nada m\u00e1s&#8230;"},"content":{"rendered":"\n<p class=\"wp-block-paragraph\">Pasado el mediod\u00eda y con un sol amable que resaltaba el verde del Municipal de San Felipe Javier Mu\u00f1oz Delgado; parec\u00eda el escenario preciso para hacer buen f\u00fatbol.<\/p>\n\n\n\n<p class=\"wp-block-paragraph\">La hinchada sanfelipe\u00f1a aguardaba esperanzada el inicio del encuentro, entre dos cuadros que, ten\u00edan mucho que ganar y tambi\u00e9n, mucho que perder.<\/p>\n\n\n\n<p class=\"wp-block-paragraph\">Al son del pitazo inicial, el Un\u00ed Un\u00ed sali\u00f3 con todo a buscar el resultado, tanto as\u00ed, que al primer minuto de juego, Aravena prob\u00f3 las manos del portero santacruzano, y minutos m\u00e1s tarde volvi\u00f3 a llegar, sin peligro, pero lleg\u00f3; y esto, para Uni\u00f3n San Felipe versi\u00f3n 2026, es un logro.<\/p>\n\n\n\n<p class=\"wp-block-paragraph\">Despu\u00e9s, casi no es necesario comentarlo, los albirrojos fueron perdiendo impulso cediendo terreno frente a un adversario sin m\u00e1s aspiraciones que conservar el cero.<\/p>\n\n\n\n<p class=\"wp-block-paragraph\">Por lo tanto el partido cay\u00f3 en una modorra insufrible para la escasa hinchada apostada en las gradas. El primer periodo se fue entre los gritos iracundos de la fanaticada local.<\/p>\n\n\n\n<p class=\"wp-block-paragraph\">El segundo periodo no aport\u00f3 mucho m\u00e1s al encuentro. Parafraseando al trovador cubano. En la extra\u00f1a tarde desde la galer\u00eda, no tra\u00eda, ni una brisa vieja, menos una brisa nueva, porque los cambios tardaban en llegar; y las instrucciones a grito pelado de la fiel hinchada, como: \u00abpasa, pasa\u00bb o \u00abm\u00e1rcale la jugada\u00bb, no ten\u00edan eco en la cancha;&nbsp;&nbsp;pues a decir verdad, muy pocas veces un jugador albirrojo pic\u00f3 al vac\u00edo o pas\u00f3 por la espalda. Y as\u00ed, carente de sorpresa, las opciones de gol se reducen notoriamente.<\/p>\n\n\n\n<p class=\"wp-block-paragraph\">Cuando el partido se acercaba al final, los de Luvera atacaron un poco m\u00e1s, pero sin convicci\u00f3n ni f\u00fatbol elaborado. Y cuando alg\u00fan bal\u00f3n lleg\u00f3 a la porter\u00eda visitante surgi\u00f3 la figura del portero Doboleta, para decir, aqu\u00ed no ha pasado nada.<\/p>\n\n\n\n<p class=\"wp-block-paragraph\">Es necesario consignar que un par de errores en la salida aconcag\u00fcina pudieron costarle un gol, afortunadamente el rival -Santa Cruz- se encarg\u00f3 de demostrar por qu\u00e9 tiene menos puntos que el Un\u00ed Un\u00ed.<\/p>\n\n\n\n<p class=\"wp-block-paragraph\">Y volviendo a los versos de Silvio Rodr\u00edguez, ojal\u00e1 que en los pr\u00f3ximos partidos, pase algo&#8230; un disparo al arco, tal vez. Ser\u00eda bueno.<\/p>\n\n\n\n<p class=\"has-text-align-right wp-block-paragraph\">Ofiuco<\/p>\n\n\n\n<p class=\"has-small-font-size wp-block-paragraph\">Fuente imagen: prensafutbol.cl<\/p>\n\n\n\n<!DOCTYPE html>\n<html lang=\"es\">\n<head>\n    <meta charset=\"UTF-8\">\n    <meta name=\"viewport\" content=\"width=device-width, initial-scale=1.0\">\n    <title>Compartir en WhatsApp y Facebook<\/title>\n    <!-- Metaetiquetas Open Graph -->\n    <meta property=\"og:title\" content=\"A\u00e7a\u00ed de Brasil, una historia de amor y compromiso\">\n    <meta property=\"og:description\" content=\"Llegaron desde Brasil para quedarse y volverse parte del patrimonio gastron\u00f3mico de nuestra zona\">\n    <meta property=\"og:image\" content=\"https:\/\/fuerteyfeliz.cl\/web\/wp-content\/uploads\/2024\/09\/AcaideBrasil-e1728643884816.jpg\">\n    <meta property=\"og:url\" content=\"https:\/\/fuerteyfeliz.cl\/web\/2024\/09\/17\/acai-una-historia-de-amor-y-compromiso\/\">\n    <meta property=\"og:type\" content=\"article\">\n    <meta property=\"og:site_name\" content=\"Fuerte y Feliz\">\n    <style>\n        \/* Estilo compartido para ambos botones *\/\n        .share-button {\n            padding: 10px 20px;\n            color: white;\n            border: none;\n            cursor: pointer;\n            font-size: 16px;\n            border-radius: 5px;\n            text-decoration: none;\n            display: inline-block;\n            margin: 5px;\n        }\n\n        \/* Color espec\u00edfico para WhatsApp *\/\n        .whatsapp-button {\n            background-color: #25D366;\n        }\n\n        .whatsapp-button:hover {\n            background-color: #1EBE5A;\n        }\n\n        \/* Color espec\u00edfico para Facebook *\/\n        .facebook-button {\n            background-color: #4267B2;\n        }\n\n        .facebook-button:hover {\n            background-color: #365899;\n        }\n    <\/style>\n<\/head>\n<body>\n\n    <!-- Bot\u00f3n de compartir en WhatsApp -->\n    <a class=\"share-button whatsapp-button\" href=\"#\" target=\"_blank\" rel=\"noopener\">Compartir en WhatsApp<\/a>\n\n    <!-- Bot\u00f3n de compartir en Facebook -->\n    <a class=\"share-button facebook-button\" href=\"#\" id=\"facebookShareButton\">Compartir en Facebook<\/a>\n\n    <script>\n        \/\/ Modificar el enlace de WhatsApp din\u00e1micamente con la URL actual\n        const currentUrl = window.location.href;\n        const whatsappButton = document.querySelector('.whatsapp-button');\n        whatsappButton.href = `https:\/\/wa.me\/?text=Visita%20esta%20p\u00e1gina:%20${encodeURIComponent(currentUrl)}`;\n\n        \/\/ Funci\u00f3n para compartir en Facebook\n        document.getElementById('facebookShareButton').addEventListener('click', function() {\n            const facebookUrl = `https:\/\/www.facebook.com\/sharer\/sharer.php?u=${encodeURIComponent(currentUrl)}`;\n            window.open(facebookUrl, '_blank', 'width=450,height=300');\n        });\n    <\/script>\n\n<\/body>\n<\/html>\n","protected":false},"excerpt":{"rendered":"<p>Pasado el mediod\u00eda y con un sol amable que resaltaba el verde del Municipal de San Felipe Javier Mu\u00f1oz Delgado; parec\u00eda el escenario preciso para hacer buen f\u00fatbol. La hinchada sanfelipe\u00f1a aguardaba esperanzada el inicio del encuentro, entre dos cuadros que, ten\u00edan mucho que ganar y tambi\u00e9n, mucho que perder. Al son del pitazo inicial,&#8230;<\/p>\n","protected":false},"author":1,"featured_media":3659,"comment_status":"closed","ping_status":"open","sticky":false,"template":"","format":"standard","meta":{"footnotes":""},"categories":[8,33],"tags":[],"class_list":["post-3658","post","type-post","status-publish","format-standard","has-post-thumbnail","hentry","category-ciencia-deportes","category-ofiuco-ciencia-deportes"],"_links":{"self":[{"href":"https:\/\/fuerteyfeliz.cl\/web\/wp-json\/wp\/v2\/posts\/3658","targetHints":{"allow":["GET"]}}],"collection":[{"href":"https:\/\/fuerteyfeliz.cl\/web\/wp-json\/wp\/v2\/posts"}],"about":[{"href":"https:\/\/fuerteyfeliz.cl\/web\/wp-json\/wp\/v2\/types\/post"}],"author":[{"embeddable":true,"href":"https:\/\/fuerteyfeliz.cl\/web\/wp-json\/wp\/v2\/users\/1"}],"replies":[{"embeddable":true,"href":"https:\/\/fuerteyfeliz.cl\/web\/wp-json\/wp\/v2\/comments?post=3658"}],"version-history":[{"count":1,"href":"https:\/\/fuerteyfeliz.cl\/web\/wp-json\/wp\/v2\/posts\/3658\/revisions"}],"predecessor-version":[{"id":3660,"href":"https:\/\/fuerteyfeliz.cl\/web\/wp-json\/wp\/v2\/posts\/3658\/revisions\/3660"}],"wp:featuredmedia":[{"embeddable":true,"href":"https:\/\/fuerteyfeliz.cl\/web\/wp-json\/wp\/v2\/media\/3659"}],"wp:attachment":[{"href":"https:\/\/fuerteyfeliz.cl\/web\/wp-json\/wp\/v2\/media?parent=3658"}],"wp:term":[{"taxonomy":"category","embeddable":true,"href":"https:\/\/fuerteyfeliz.cl\/web\/wp-json\/wp\/v2\/categories?post=3658"},{"taxonomy":"post_tag","embeddable":true,"href":"https:\/\/fuerteyfeliz.cl\/web\/wp-json\/wp\/v2\/tags?post=3658"}],"curies":[{"name":"wp","href":"https:\/\/api.w.org\/{rel}","templated":true}]}}