{"id":3678,"date":"2026-09-04T14:01:54","date_gmt":"2026-09-04T17:01:54","guid":{"rendered":"https:\/\/fuerteyfeliz.cl\/web\/?p=3678"},"modified":"2026-09-04T14:01:54","modified_gmt":"2026-09-04T17:01:54","slug":"estamos-de-aniversario","status":"publish","type":"post","link":"https:\/\/fuerteyfeliz.cl\/web\/2026\/09\/04\/estamos-de-aniversario\/","title":{"rendered":"Estamos de Aniversario"},"content":{"rendered":"\n<p class=\"wp-block-paragraph\">Nuestro aniversario oficial es el&nbsp;<strong>27 de septiembre<\/strong>, pero no nos vamos a poner tan estrictos con las fechas: \u00a1nos gusta celebrar todo el mes!&nbsp;<\/p>\n\n\n\n<p class=\"wp-block-paragraph\">Hace dos a\u00f1os ese fue el d\u00eda en que comenzamos de manera oficial, cuando alguien grit\u00f3: \u00a1Tulio, estamos al aire!, con todo el nerviosismo y la emoci\u00f3n que se siente al iniciar un proyecto nuevo.<\/p>\n\n\n\n<p class=\"wp-block-paragraph\">Y aqu\u00ed estamos, 2 a\u00f1os despu\u00e9s, con la misma energ\u00eda y las ganas de aportar a la cultura de nuestro querido valle de Aconcagua, destacando a personajes, lugares, y actividades que son propias de nuestras provincias, dentro de ello al equipo local que tanto hace sufrir a Ofiuco (lean sus columnas, llenas de poes\u00eda con que enfrenta las derrotas y celebra los triunfos del Un\u00ed Un\u00ed).\u00a0<\/p>\n\n\n\n<p class=\"wp-block-paragraph\">Nuestra mirada tambi\u00e9n se expande hacia la contingencia nacional y global, pues no somos un Macondo aislado del mundo, sino un valle donde ocurren cosas y viven personas en constante interrelaci\u00f3n con el resto del mundo a nivel f\u00edsico y virtual. El Insomne se desvela mirando pel\u00edculas que luego nos recomienda. La Catadora de historias nos cuenta un d\u00eda una pel\u00edcula; y en otro momento un libro. Tom\u00e1s Soto, nos lleva a reflexionar sobre las falencias de nuestro sistema educativo. En las C\u00e1psulas de IA recogemos diferentes miradas sobre el impacto presente y futuro de las IA en la sociedad.<\/p>\n\n\n\n<p class=\"wp-block-paragraph\">Y as\u00ed\u2026 No mencionaremos a todos, pues ser\u00eda muy extenso, pero s\u00ed queremos agradecer sus valiosos aportes a este medio de cultura glocal.<\/p>\n\n\n\n<p class=\"wp-block-paragraph\">Y por supuesto, queremos agradecerles a ustedes, quienes nos siguen y nos leen, y dejamos abierta la invitaci\u00f3n a quienes quieran aportar con su pu\u00f1o y letra desde su experiencia y perspectiva.<\/p>\n\n\n\n<p class=\"has-text-align-right wp-block-paragraph\">Equipo fyf<\/p>\n\n\n\n<!DOCTYPE html>\n<html lang=\"es\">\n<head>\n    <meta charset=\"UTF-8\">\n    <meta name=\"viewport\" content=\"width=device-width, initial-scale=1.0\">\n    <title>Compartir en WhatsApp y Facebook<\/title>\n    <!-- Metaetiquetas Open Graph -->\n    <meta property=\"og:title\" content=\"A\u00e7a\u00ed de Brasil, una historia de amor y compromiso\">\n    <meta property=\"og:description\" content=\"Llegaron desde Brasil para quedarse y volverse parte del patrimonio gastron\u00f3mico de nuestra zona\">\n    <meta property=\"og:image\" content=\"https:\/\/fuerteyfeliz.cl\/web\/wp-content\/uploads\/2024\/09\/AcaideBrasil-e1728643884816.jpg\">\n    <meta property=\"og:url\" content=\"https:\/\/fuerteyfeliz.cl\/web\/2024\/09\/17\/acai-una-historia-de-amor-y-compromiso\/\">\n    <meta property=\"og:type\" content=\"article\">\n    <meta property=\"og:site_name\" content=\"Fuerte y Feliz\">\n    <style>\n        \/* Estilo compartido para ambos botones *\/\n        .share-button {\n            padding: 10px 20px;\n            color: white;\n            border: none;\n            cursor: pointer;\n            font-size: 16px;\n            border-radius: 5px;\n            text-decoration: none;\n            display: inline-block;\n            margin: 5px;\n        }\n\n        \/* Color espec\u00edfico para WhatsApp *\/\n        .whatsapp-button {\n            background-color: #25D366;\n        }\n\n        .whatsapp-button:hover {\n            background-color: #1EBE5A;\n        }\n\n        \/* Color espec\u00edfico para Facebook *\/\n        .facebook-button {\n            background-color: #4267B2;\n        }\n\n        .facebook-button:hover {\n            background-color: #365899;\n        }\n    <\/style>\n<\/head>\n<body>\n\n    <!-- Bot\u00f3n de compartir en WhatsApp -->\n    <a class=\"share-button whatsapp-button\" href=\"#\" target=\"_blank\" rel=\"noopener\">Compartir en WhatsApp<\/a>\n\n    <!-- Bot\u00f3n de compartir en Facebook -->\n    <a class=\"share-button facebook-button\" href=\"#\" id=\"facebookShareButton\">Compartir en Facebook<\/a>\n\n    <script>\n        \/\/ Modificar el enlace de WhatsApp din\u00e1micamente con la URL actual\n        const currentUrl = window.location.href;\n        const whatsappButton = document.querySelector('.whatsapp-button');\n        whatsappButton.href = `https:\/\/wa.me\/?text=Visita%20esta%20p\u00e1gina:%20${encodeURIComponent(currentUrl)}`;\n\n        \/\/ Funci\u00f3n para compartir en Facebook\n        document.getElementById('facebookShareButton').addEventListener('click', function() {\n            const facebookUrl = `https:\/\/www.facebook.com\/sharer\/sharer.php?u=${encodeURIComponent(currentUrl)}`;\n            window.open(facebookUrl, '_blank', 'width=450,height=300');\n        });\n    <\/script>\n\n<\/body>\n<\/html>\n","protected":false},"excerpt":{"rendered":"<p>Nuestro aniversario oficial es el&nbsp;27 de septiembre, pero no nos vamos a poner tan estrictos con las fechas: \u00a1nos gusta celebrar todo el mes!&nbsp; Hace dos a\u00f1os ese fue el d\u00eda en que comenzamos de manera oficial, cuando alguien grit\u00f3: \u00a1Tulio, estamos al aire!, con todo el nerviosismo y la emoci\u00f3n que se siente al&#8230;<\/p>\n","protected":false},"author":1,"featured_media":3679,"comment_status":"closed","ping_status":"open","sticky":false,"template":"","format":"standard","meta":{"footnotes":""},"categories":[4],"tags":[],"class_list":["post-3678","post","type-post","status-publish","format-standard","has-post-thumbnail","hentry","category-patrimonio-personajes"],"_links":{"self":[{"href":"https:\/\/fuerteyfeliz.cl\/web\/wp-json\/wp\/v2\/posts\/3678","targetHints":{"allow":["GET"]}}],"collection":[{"href":"https:\/\/fuerteyfeliz.cl\/web\/wp-json\/wp\/v2\/posts"}],"about":[{"href":"https:\/\/fuerteyfeliz.cl\/web\/wp-json\/wp\/v2\/types\/post"}],"author":[{"embeddable":true,"href":"https:\/\/fuerteyfeliz.cl\/web\/wp-json\/wp\/v2\/users\/1"}],"replies":[{"embeddable":true,"href":"https:\/\/fuerteyfeliz.cl\/web\/wp-json\/wp\/v2\/comments?post=3678"}],"version-history":[{"count":1,"href":"https:\/\/fuerteyfeliz.cl\/web\/wp-json\/wp\/v2\/posts\/3678\/revisions"}],"predecessor-version":[{"id":3680,"href":"https:\/\/fuerteyfeliz.cl\/web\/wp-json\/wp\/v2\/posts\/3678\/revisions\/3680"}],"wp:featuredmedia":[{"embeddable":true,"href":"https:\/\/fuerteyfeliz.cl\/web\/wp-json\/wp\/v2\/media\/3679"}],"wp:attachment":[{"href":"https:\/\/fuerteyfeliz.cl\/web\/wp-json\/wp\/v2\/media?parent=3678"}],"wp:term":[{"taxonomy":"category","embeddable":true,"href":"https:\/\/fuerteyfeliz.cl\/web\/wp-json\/wp\/v2\/categories?post=3678"},{"taxonomy":"post_tag","embeddable":true,"href":"https:\/\/fuerteyfeliz.cl\/web\/wp-json\/wp\/v2\/tags?post=3678"}],"curies":[{"name":"wp","href":"https:\/\/api.w.org\/{rel}","templated":true}]}}