{"id":3682,"date":"2026-09-04T19:27:47","date_gmt":"2026-09-04T22:27:47","guid":{"rendered":"https:\/\/fuerteyfeliz.cl\/web\/?p=3682"},"modified":"2026-09-04T19:32:41","modified_gmt":"2026-09-04T22:32:41","slug":"1er-concurso-de-microcuento-revista-cultural-fuerte-y-feliz","status":"publish","type":"post","link":"https:\/\/fuerteyfeliz.cl\/web\/2026\/09\/04\/1er-concurso-de-microcuento-revista-cultural-fuerte-y-feliz\/","title":{"rendered":"1er Concurso de Microcuento \u2013 Revista Cultural Fuerte y Feliz"},"content":{"rendered":"\n<p class=\"wp-block-paragraph\"><strong>Celebrando el 2\u00b0 Aniversario&nbsp;<\/strong><strong>\ud83c\udf89<\/strong><strong><\/strong><\/p>\n\n\n\n<p class=\"wp-block-paragraph\">Nuestro sitio web cumple 2 a\u00f1os y queremos celebrarlo contigo con un&nbsp;<strong>concurso de microcuento.<\/strong><\/p>\n\n\n\n<p class=\"wp-block-paragraph\">Esta celebraci\u00f3n tambi\u00e9n es posible gracias a&nbsp;<strong>empresas de nuestra zona<\/strong>, que generosamente se han sumado aportando los premios para nuestros ganadores.<\/p>\n\n\n\n<p class=\"wp-block-paragraph\">Una celebraci\u00f3n hecha entre todos, para seguir contando y poniendo en valor las historias de nuestro territorio.<\/p>\n\n\n\n<p class=\"wp-block-paragraph\"><strong>Bases de participaci\u00f3n<\/strong><\/p>\n\n\n\n<ol start=\"1\" class=\"wp-block-list\">\n<li><strong>Tema:<\/strong>\n<ul class=\"wp-block-list\">\n<li>Libre<\/li>\n<\/ul>\n<\/li>\n\n\n\n<li><strong>Extensi\u00f3n y formato:<\/strong>\n<ul class=\"wp-block-list\">\n<li>M\u00e1ximo\u00a0200 palabras.<\/li>\n\n\n\n<li>Puedes participar con un solo cuento.<\/li>\n\n\n\n<li>Formato Word o PDF, letra Arial tama\u00f1o 12, interlineado 1,5.<\/li>\n\n\n\n<li>Deber\u00e1 ir firmado con pseud\u00f3nimo.<\/li>\n\n\n\n<li>Los cuentos deben ser in\u00e9ditos y de tu autor\u00eda, sin uso de inteligencia artificial.<\/li>\n<\/ul>\n<\/li>\n\n\n\n<li><strong>Participantes:<\/strong>\n<ul class=\"wp-block-list\">\n<li>Abierto a todo p\u00fablico mayor de 15 a\u00f1os de edad residente en el valle de Aconcagua<\/li>\n<\/ul>\n<\/li>\n\n\n\n<li><strong>Env\u00edo:<\/strong>\n<ul class=\"wp-block-list\">\n<li>Enviar al correo:\u00a0<strong>fuerteyfelizsf@gmail.com<\/strong>\u00a0con asunto\u00a0<em>\u201cConcurso de microcuento Aniversario\u201d<\/em>.<\/li>\n\n\n\n<li>En el cuerpo del correo indicar:\n<ul class=\"wp-block-list\">\n<li>Nombre completo<\/li>\n\n\n\n<li>Pseud\u00f3nimo<\/li>\n\n\n\n<li>Edad<\/li>\n\n\n\n<li>Ciudad de residencia<\/li>\n\n\n\n<li>Tel\u00e9fono y correo de contacto<\/li>\n<\/ul>\n<\/li>\n<\/ul>\n<\/li>\n\n\n\n<li><strong>Plazos:<\/strong>\n<ul class=\"wp-block-list\">\n<li>Apertura:\u00a0<strong>[04\/09\/2026]<\/strong><\/li>\n\n\n\n<li>Cierre:\u00a0<strong>[05\/10\/2026]<\/strong><\/li>\n\n\n\n<li>Resultados:\u00a0<strong>[07\/11\/2026]<\/strong><\/li>\n<\/ul>\n<\/li>\n\n\n\n<li><strong>Jurado:<\/strong>\n<ul class=\"wp-block-list\">\n<li>El jurado estar\u00e1 compuesto por destacados escritores y escritoras de Aconcagua.<\/li>\n<\/ul>\n<\/li>\n\n\n\n<li><strong>Premios:<\/strong>\n<ul class=\"wp-block-list\">\n<li>\ud83e\udd47\u00a01er lugar: una parrillada para 4 personas en Restaurante La Ruca, 3 libros, y un diploma de honor.<\/li>\n\n\n\n<li>\ud83e\udd48\u00a02do lugar: una parrilla para 2 personas en Hotel y Restaurante Reinares, 2 libros, y un diploma de honor.<\/li>\n\n\n\n<li>\ud83c\udfc5\u00a03er lugar: 4 copas de aca\u00ed en Aca\u00ed de Brasil, 1 libro, y un diploma de honor.<\/li>\n<\/ul>\n<\/li>\n\n\n\n<li><strong>Publicaci\u00f3n:<\/strong>\n<ul class=\"wp-block-list\">\n<li>Los cuentos ganadores se difundir\u00e1n en nuestro sitio web y redes sociales.<\/li>\n<\/ul>\n<\/li>\n\n\n\n<li><strong>Observaciones:<\/strong>\n<ul class=\"wp-block-list\">\n<li>La participaci\u00f3n en el concurso implica la aceptaci\u00f3n \u00edntegra de estas bases.<\/li>\n\n\n\n<li>Los cuentos enviados que no cumplan la extensi\u00f3n o el plazo quedar\u00e1n autom\u00e1ticamente fuera de concurso.<\/li>\n<\/ul>\n<\/li>\n<\/ol>\n\n\n\n<p class=\"wp-block-paragraph\">\u2728&nbsp;\u00a1An\u00edmate a participar! Celebremos juntos la creatividad y el talento.<\/p>\n\n\n\n<!DOCTYPE html>\n<html lang=\"es\">\n<head>\n    <meta charset=\"UTF-8\">\n    <meta name=\"viewport\" content=\"width=device-width, initial-scale=1.0\">\n    <title>Compartir en WhatsApp y Facebook<\/title>\n    <!-- Metaetiquetas Open Graph -->\n    <meta property=\"og:title\" content=\"A\u00e7a\u00ed de Brasil, una historia de amor y compromiso\">\n    <meta property=\"og:description\" content=\"Llegaron desde Brasil para quedarse y volverse parte del patrimonio gastron\u00f3mico de nuestra zona\">\n    <meta property=\"og:image\" content=\"https:\/\/fuerteyfeliz.cl\/web\/wp-content\/uploads\/2024\/09\/AcaideBrasil-e1728643884816.jpg\">\n    <meta property=\"og:url\" content=\"https:\/\/fuerteyfeliz.cl\/web\/2024\/09\/17\/acai-una-historia-de-amor-y-compromiso\/\">\n    <meta property=\"og:type\" content=\"article\">\n    <meta property=\"og:site_name\" content=\"Fuerte y Feliz\">\n    <style>\n        \/* Estilo compartido para ambos botones *\/\n        .share-button {\n            padding: 10px 20px;\n            color: white;\n            border: none;\n            cursor: pointer;\n            font-size: 16px;\n            border-radius: 5px;\n            text-decoration: none;\n            display: inline-block;\n            margin: 5px;\n        }\n\n        \/* Color espec\u00edfico para WhatsApp *\/\n        .whatsapp-button {\n            background-color: #25D366;\n        }\n\n        .whatsapp-button:hover {\n            background-color: #1EBE5A;\n        }\n\n        \/* Color espec\u00edfico para Facebook *\/\n        .facebook-button {\n            background-color: #4267B2;\n        }\n\n        .facebook-button:hover {\n            background-color: #365899;\n        }\n    <\/style>\n<\/head>\n<body>\n\n    <!-- Bot\u00f3n de compartir en WhatsApp -->\n    <a class=\"share-button whatsapp-button\" href=\"#\" target=\"_blank\" rel=\"noopener\">Compartir en WhatsApp<\/a>\n\n    <!-- Bot\u00f3n de compartir en Facebook -->\n    <a class=\"share-button facebook-button\" href=\"#\" id=\"facebookShareButton\">Compartir en Facebook<\/a>\n\n    <script>\n        \/\/ Modificar el enlace de WhatsApp din\u00e1micamente con la URL actual\n        const currentUrl = window.location.href;\n        const whatsappButton = document.querySelector('.whatsapp-button');\n        whatsappButton.href = `https:\/\/wa.me\/?text=Visita%20esta%20p\u00e1gina:%20${encodeURIComponent(currentUrl)}`;\n\n        \/\/ Funci\u00f3n para compartir en Facebook\n        document.getElementById('facebookShareButton').addEventListener('click', function() {\n            const facebookUrl = `https:\/\/www.facebook.com\/sharer\/sharer.php?u=${encodeURIComponent(currentUrl)}`;\n            window.open(facebookUrl, '_blank', 'width=450,height=300');\n        });\n    <\/script>\n\n<\/body>\n<\/html>\n","protected":false},"excerpt":{"rendered":"<p>Celebrando el 2\u00b0 Aniversario&nbsp;\ud83c\udf89 Nuestro sitio web cumple 2 a\u00f1os y queremos celebrarlo contigo con un&nbsp;concurso de microcuento. Esta celebraci\u00f3n tambi\u00e9n es posible gracias a&nbsp;empresas de nuestra zona, que generosamente se han sumado aportando los premios para nuestros ganadores. Una celebraci\u00f3n hecha entre todos, para seguir contando y poniendo en valor las historias de nuestro&#8230;<\/p>\n","protected":false},"author":1,"featured_media":3685,"comment_status":"closed","ping_status":"open","sticky":false,"template":"","format":"standard","meta":{"footnotes":""},"categories":[6],"tags":[],"class_list":["post-3682","post","type-post","status-publish","format-standard","has-post-thumbnail","hentry","category-letras-arte"],"_links":{"self":[{"href":"https:\/\/fuerteyfeliz.cl\/web\/wp-json\/wp\/v2\/posts\/3682","targetHints":{"allow":["GET"]}}],"collection":[{"href":"https:\/\/fuerteyfeliz.cl\/web\/wp-json\/wp\/v2\/posts"}],"about":[{"href":"https:\/\/fuerteyfeliz.cl\/web\/wp-json\/wp\/v2\/types\/post"}],"author":[{"embeddable":true,"href":"https:\/\/fuerteyfeliz.cl\/web\/wp-json\/wp\/v2\/users\/1"}],"replies":[{"embeddable":true,"href":"https:\/\/fuerteyfeliz.cl\/web\/wp-json\/wp\/v2\/comments?post=3682"}],"version-history":[{"count":1,"href":"https:\/\/fuerteyfeliz.cl\/web\/wp-json\/wp\/v2\/posts\/3682\/revisions"}],"predecessor-version":[{"id":3684,"href":"https:\/\/fuerteyfeliz.cl\/web\/wp-json\/wp\/v2\/posts\/3682\/revisions\/3684"}],"wp:featuredmedia":[{"embeddable":true,"href":"https:\/\/fuerteyfeliz.cl\/web\/wp-json\/wp\/v2\/media\/3685"}],"wp:attachment":[{"href":"https:\/\/fuerteyfeliz.cl\/web\/wp-json\/wp\/v2\/media?parent=3682"}],"wp:term":[{"taxonomy":"category","embeddable":true,"href":"https:\/\/fuerteyfeliz.cl\/web\/wp-json\/wp\/v2\/categories?post=3682"},{"taxonomy":"post_tag","embeddable":true,"href":"https:\/\/fuerteyfeliz.cl\/web\/wp-json\/wp\/v2\/tags?post=3682"}],"curies":[{"name":"wp","href":"https:\/\/api.w.org\/{rel}","templated":true}]}}